{"id":61,"date":"2012-01-11T16:29:00","date_gmt":"2012-01-11T19:29:00","guid":{"rendered":"http:\/\/gobierno.udd.cl\/programa-gestion-politicas-educativas\/?p=61"},"modified":"2012-11-28T16:20:07","modified_gmt":"2012-11-28T19:20:07","slug":"udd-capacitara-a-420-funcionarios-municipales-de-las-zonas-norte-y-centro-del-pais","status":"publish","type":"post","link":"https:\/\/gobierno.udd.cl\/programa-gestion-politicas-educativas\/noticias\/2012\/01\/11\/udd-capacitara-a-420-funcionarios-municipales-de-las-zonas-norte-y-centro-del-pais\/","title":{"rendered":"UDD capacitar\u00e1 a 420 funcionarios municipales de las zonas norte y centro del pa\u00eds"},"content":{"rendered":"<p style=\"text-align: justify;\"><strong>La Subsecretar\u00eda de Desarrollo Regional y Administrativo (SUBDERE), la Asociaci\u00f3n Chilena de Municipalidades (ACHM) y la Confederaci\u00f3n de Funcionarios Municipales de Chile (ASEMUCH) lideran el \u201cSistema Nacional de Capacitaci\u00f3n Municipal\u201d que, desde el a\u00f1o 2008, desarrolla acciones de capacitaci\u00f3n para los funcionarios municipales. <\/strong><\/p>\n<p style=\"text-align: justify;\"><strong><a href=\"http:\/\/gobierno.udd.cl\/programa-gestion-politicas-educativas\/files\/2012\/01\/subdere21.jpg\" class=\"thickbox\"><img loading=\"lazy\" decoding=\"async\" class=\"aligncenter size-full wp-image-69\" title=\"subdere2\" src=\"http:\/\/gobierno.udd.cl\/programa-gestion-politicas-educativas\/files\/2012\/01\/subdere21.jpg\" alt=\"\" width=\"207\" height=\"219\" srcset=\"https:\/\/gobierno.udd.cl\/programa-gestion-politicas-educativas\/files\/2012\/01\/subdere21.jpg 207w, https:\/\/gobierno.udd.cl\/programa-gestion-politicas-educativas\/files\/2012\/01\/subdere21-66x70.jpg 66w\" sizes=\"auto, (max-width: 207px) 100vw, 207px\" \/><\/a><\/strong>El Programa est\u00e1 dirigido a los gestores que se desempe\u00f1an en los distintos municipios del pa\u00eds. Quienes participen en \u00e9l podr\u00e1n adquirir y desarrollar nuevas herramientas que mejoren sus competencias permitiendo incorporar conocimientos innovadores en la gesti\u00f3n de sus municipios, participando activamente de los desaf\u00edos de la modernizaci\u00f3n del Estado.<\/p>\n<p style=\"text-align: justify;\">A trav\u00e9s del \u201cPrograma Nacional de Capacitaci\u00f3n Gestor Municipal B\u00e1sico\u201d, el objetivo no es otro que relevar la capacitaci\u00f3n como un proceso clave para la gesti\u00f3n del recurso humano presente en el \u00e1mbito municipal, en consecuencia con el desarrollo de una serie de reformas que han apuntado a la modernizaci\u00f3n del Estado, instaurando la mejora continua de la gesti\u00f3n, y en especial del recurso humano, como un elemento fundamental en el proceso antes mencionado.<\/p>\n<p style=\"text-align: justify;\">En este marco, se han desarrollado una serie de acciones que buscan profesionalizar y mejorar la gesti\u00f3n del recurso humano del sector p\u00fablico con el objetivo de proporcionar mejores servicios y prestaciones de calidad a la comunidad. A nivel municipal, estas acciones tienen una singular importancia puesto que el fortalecimiento de estas instituciones favorece de manera directa la implementaci\u00f3n de las m\u00e1s diversas pol\u00edticas p\u00fablicas con la consecuente mejora de los niveles de eficiencia y eficacia de las mismas.<\/p>\n","protected":false},"excerpt":{"rendered":"<p>La Subsecretar\u00eda de Desarrollo Regional y Administrativo (SUBDERE), la Asociaci\u00f3n Chilena de Municipalidades (ACHM) y la Confederaci\u00f3n de Funcionarios Municipales de Chile (ASEMUCH) lideran el \u201cSistema Nacional de Capacitaci\u00f3n Municipal\u201d que, desde el a\u00f1o 2008, desarrolla acciones de capacitaci\u00f3n para los funcionarios municipales. El Programa est\u00e1 dirigido a los gestores que se desempe\u00f1an en los [&hellip;]<\/p>\n","protected":false},"author":1,"featured_media":0,"comment_status":"open","ping_status":"open","sticky":false,"template":"","format":"standard","meta":{"footnotes":""},"categories":[1],"tags":[],"class_list":["post-61","post","type-post","status-publish","format-standard","hentry","category-sin-categoria"],"_links":{"self":[{"href":"https:\/\/gobierno.udd.cl\/programa-gestion-politicas-educativas\/wp-json\/wp\/v2\/posts\/61","targetHints":{"allow":["GET"]}}],"collection":[{"href":"https:\/\/gobierno.udd.cl\/programa-gestion-politicas-educativas\/wp-json\/wp\/v2\/posts"}],"about":[{"href":"https:\/\/gobierno.udd.cl\/programa-gestion-politicas-educativas\/wp-json\/wp\/v2\/types\/post"}],"author":[{"embeddable":true,"href":"https:\/\/gobierno.udd.cl\/programa-gestion-politicas-educativas\/wp-json\/wp\/v2\/users\/1"}],"replies":[{"embeddable":true,"href":"https:\/\/gobierno.udd.cl\/programa-gestion-politicas-educativas\/wp-json\/wp\/v2\/comments?post=61"}],"version-history":[{"count":4,"href":"https:\/\/gobierno.udd.cl\/programa-gestion-politicas-educativas\/wp-json\/wp\/v2\/posts\/61\/revisions"}],"predecessor-version":[{"id":92,"href":"https:\/\/gobierno.udd.cl\/programa-gestion-politicas-educativas\/wp-json\/wp\/v2\/posts\/61\/revisions\/92"}],"wp:attachment":[{"href":"https:\/\/gobierno.udd.cl\/programa-gestion-politicas-educativas\/wp-json\/wp\/v2\/media?parent=61"}],"wp:term":[{"taxonomy":"category","embeddable":true,"href":"https:\/\/gobierno.udd.cl\/programa-gestion-politicas-educativas\/wp-json\/wp\/v2\/categories?post=61"},{"taxonomy":"post_tag","embeddable":true,"href":"https:\/\/gobierno.udd.cl\/programa-gestion-politicas-educativas\/wp-json\/wp\/v2\/tags?post=61"}],"curies":[{"name":"wp","href":"https:\/\/api.w.org\/{rel}","templated":true}]}}