{"id":994,"date":"2015-01-27T21:31:54","date_gmt":"2015-01-28T00:31:54","guid":{"rendered":"http:\/\/gobierno.udd.cl\/estudio-rrii\/?p=994"},"modified":"2016-05-27T14:04:46","modified_gmt":"2016-05-27T18:04:46","slug":"revisa-el-sexto-numero-de-prospectiva-internacional","status":"publish","type":"post","link":"https:\/\/gobierno.udd.cl\/estudio-rrii\/noticias\/2015\/01\/27\/revisa-el-sexto-numero-de-prospectiva-internacional\/","title":{"rendered":"Revisa el Sexto N\u00famero de Prospectiva Internacional"},"content":{"rendered":"<p style=\"text-align: justify;\">Revisa el contenido del sexto n\u00famero de Prospectiva Internacional:<\/p>\n<h4 style=\"text-align: justify;\">Editorial<\/h4>\n<p style=\"text-align: justify;\">Por Yun-Tso Lee<\/p>\n<p style=\"text-align: justify;\">El\u00a0<i>Bolet\u00edn, N\u00ba 6, diciembre-enero de 2014-2015,<\/i>\u00a0se concentra en analizar diversos acontecimientos o procesos que han venido sucediendo en distintas regiones del planeta, para tener una mejor comprensi\u00f3n de ellos. <strong><a href=\"http:\/\/gobierno.udd.cl\/estudio-rrii\/noticias\/2015\/01\/22\/prospectiva-internacional-boletin\/\" target=\"_blank\">Ver +<\/a><\/strong><\/p>\n<h5 style=\"font-size: 13px; padding-left: 30px; text-align: justify;\">Art\u00edculos<\/h5>\n<p style=\"font-size: 13px; padding-left: 30px; text-align: justify;\">Luis E. Gonz\u00e1les. <a href=\"http:\/\/gobierno.udd.cl\/estudio-rrii\/noticias\/2015\/01\/22\/profundizacion-de-la-integracion-desafios-de-chile-con-la-alianza-del-pacifico-en-contraste-al-mercosur\/\" target=\"_blank\">Profundizaci\u00f3n de la integraci\u00f3n: Desaf\u00edos de Chile con la Alianza del Pac\u00edfico en contraste al MERCOSUR.<\/a><\/p>\n<p style=\"font-size: 13px; padding-left: 30px; text-align: justify;\">Mar\u00eda Elvira R\u00edos.\u00a0<a href=\"http:\/\/gobierno.udd.cl\/estudio-rrii\/noticias\/2015\/01\/22\/entre-dos-islas-el-premio-confucio-de-la-paz\" target=\"_blank\">Entre dos islas: el premio Confucio de la Paz<\/a>.<\/p>\n<p style=\"font-size: 13px; padding-left: 30px; text-align: justify;\">Jos\u00e9 Luis Ib\u00e1\u00f1ez.\u00a0<a href=\"http:\/\/gobierno.udd.cl\/estudio-rrii\/noticias\/2015\/01\/22\/la-caida-del-rublo-la-otra-cara-de-la-medalla\" target=\"_blank\">La ca\u00edda del Rublo, la otra cara de la medalla<\/a>.<\/p>\n<p style=\"font-size: 13px; padding-left: 30px; text-align: justify;\">Yiwei Wang.\u00a0<a href=\"http:\/\/gobierno.udd.cl\/estudio-rrii\/noticias\/2015\/01\/22\/latinos-misunderstand-china-ten-sources-misunderstandings-latin-america-towards-china\" target=\"_blank\">Why Do Latinos Misunderstand China? Ten Sources of Misunderstandings of Latin America towards China<\/a>.<\/p>\n<p style=\"font-size: 13px; padding-left: 30px; text-align: justify;\">Javier Recabarren.\u00a0<a href=\"http:\/\/gobierno.udd.cl\/estudio-rrii\/noticias\/2015\/01\/22\/foro-china-celac-un-sueno-chino-para-america-latina\" target=\"_blank\">Foro China-CELAC: \u00bfUn Sue\u00f1o chino para Am\u00e9rica Latina?<\/a><\/p>\n<h5 style=\"font-size: 13px; padding-left: 60px; text-align: justify;\">Noticias<\/h5>\n<p style=\"padding-left: 60px; text-align: justify;\">Investigadores del CERI lideran viaje a China junto con funcionarios de Vitacura. <strong><a href=\"http:\/\/gobierno.udd.cl\/estudio-rrii\/noticias\/2015\/01\/16\/investigadores-del-ceri-lideran-viajan-china-junto-funcionarios-de-vitacura\/\" target=\"_blank\">Ver +<\/a><\/strong><\/p>\n<p>&nbsp;<\/p>\n<p>&nbsp;<\/p>\n","protected":false},"excerpt":{"rendered":"<p>Prospectiva Internacional, es el Bolet\u00edn del Centro de Estudios de Relaciones Internacionales (CERI) que se emite cada dos meses con el objetivo principal de contribuir al debate y a una comprensi\u00f3n detallada de algunos acontecimientos coyunturales de la realidad internacional, a trav\u00e9s de columnas de opini\u00f3n de los acad\u00e9micos de la Facultad de Gobierno de la Universidad del Desarrollo.<\/p>\n","protected":false},"author":22,"featured_media":828,"comment_status":"open","ping_status":"open","sticky":false,"template":"","format":"standard","meta":{"footnotes":""},"categories":[5512],"tags":[],"class_list":["post-994","post","type-post","status-publish","format-standard","has-post-thumbnail","hentry","category-boletin-prospectiva-internacional"],"featured_image_url":"https:\/\/gobierno.udd.cl\/estudio-rrii\/files\/2014\/11\/prost.png","_links":{"self":[{"href":"https:\/\/gobierno.udd.cl\/estudio-rrii\/wp-json\/wp\/v2\/posts\/994","targetHints":{"allow":["GET"]}}],"collection":[{"href":"https:\/\/gobierno.udd.cl\/estudio-rrii\/wp-json\/wp\/v2\/posts"}],"about":[{"href":"https:\/\/gobierno.udd.cl\/estudio-rrii\/wp-json\/wp\/v2\/types\/post"}],"author":[{"embeddable":true,"href":"https:\/\/gobierno.udd.cl\/estudio-rrii\/wp-json\/wp\/v2\/users\/22"}],"replies":[{"embeddable":true,"href":"https:\/\/gobierno.udd.cl\/estudio-rrii\/wp-json\/wp\/v2\/comments?post=994"}],"version-history":[{"count":16,"href":"https:\/\/gobierno.udd.cl\/estudio-rrii\/wp-json\/wp\/v2\/posts\/994\/revisions"}],"predecessor-version":[{"id":1011,"href":"https:\/\/gobierno.udd.cl\/estudio-rrii\/wp-json\/wp\/v2\/posts\/994\/revisions\/1011"}],"wp:featuredmedia":[{"embeddable":true,"href":"https:\/\/gobierno.udd.cl\/estudio-rrii\/wp-json\/wp\/v2\/media\/828"}],"wp:attachment":[{"href":"https:\/\/gobierno.udd.cl\/estudio-rrii\/wp-json\/wp\/v2\/media?parent=994"}],"wp:term":[{"taxonomy":"category","embeddable":true,"href":"https:\/\/gobierno.udd.cl\/estudio-rrii\/wp-json\/wp\/v2\/categories?post=994"},{"taxonomy":"post_tag","embeddable":true,"href":"https:\/\/gobierno.udd.cl\/estudio-rrii\/wp-json\/wp\/v2\/tags?post=994"}],"curies":[{"name":"wp","href":"https:\/\/api.w.org\/{rel}","templated":true}]}}