{"id":404,"date":"2013-01-25T16:41:06","date_gmt":"2013-01-25T19:41:06","guid":{"rendered":"http:\/\/gobierno.udd.cl\/estudio-rrii\/?p=404"},"modified":"2016-05-27T14:13:43","modified_gmt":"2016-05-27T18:13:43","slug":"edgar-vieira-posada-presento-su-ultimo-libro-en-el-ceri","status":"publish","type":"post","link":"https:\/\/gobierno.udd.cl\/estudio-rrii\/noticias\/2013\/01\/25\/edgar-vieira-posada-presento-su-ultimo-libro-en-el-ceri\/","title":{"rendered":"Edgar Vieira Posada present\u00f3 su \u00faltimo libro en el CERI"},"content":{"rendered":"<p style=\"text-align: justify;\"><strong>\u00abLa globalizaci\u00f3n en un mundo en transformaci\u00f3n\u00bb se titula el trabajo del distinguido acad\u00e9mico colombiano.<\/strong><\/p>\n<p><a href=\"http:\/\/gobierno.udd.cl\/estudio-rrii\/files\/2013\/01\/la-foto.jpg\"><img loading=\"lazy\" decoding=\"async\" class=\"aligncenter size-full wp-image-405\" title=\"la foto\" src=\"http:\/\/gobierno.udd.cl\/estudio-rrii\/files\/2013\/01\/la-foto.jpg\" alt=\"\" width=\"340\" height=\"250\" \/><\/a><\/p>\n<p style=\"text-align: justify;\">En lo que corresponde a la Colecci\u00f3n Globalizaci\u00f3n e Integraci\u00f3n del<a href=\"http:\/\/www.linkedin.com\/pub\/edgar-vieira-posada\/36\/aa2\/a86\"> Colegio de estudios Superiores de Administraci\u00f3n (CESA)<\/a>, el profesor titular de dicha instituci\u00f3n, quien adem\u00e1s participa en la preparacci\u00f3n del MBA Internacional, present\u00f3 su \u00faltimo trabajo en el marco de las actividades acad\u00e9micas del CERI, en el cual participaron docentes e investigadores de nuestra Facultad.<\/p>\n<p style=\"text-align: justify;\">Esta obra realiza un an\u00e1lisis de las diferentes definiciones y comentarios hechos por autores de distinta procedencia acerca de qu\u00e9 es y qu\u00e9 caracteriza a la globalizaci\u00f3n. En este contexto se identifican los dos primeros periodos de globalizaci\u00f3n iniciados en el siglo XV y XIX, dedicando adem\u00e1s varios cap\u00edtulos a analizar las principales transfoermaciones de tipo econ\u00f3mico y productivo, tecnol\u00f3gico, insititucional y pol\u00edtico que han permitido la universalizaci\u00f3n del proceso globalizador.<\/p>\n<p style=\"text-align: justify;\">M\u00e1s info <a href=\"http:\/\/www.cesa.edu.co\/El-Cesa\/Publicaciones\/Catalogo-de-Publicaciones.aspx.\">aqu\u00ed <\/a><\/p>\n","protected":false},"excerpt":{"rendered":"<p>\u00abLa globalizaci\u00f3n en un mundo en transformaci\u00f3n\u00bb se titula el trabajo del distinguido acad\u00e9mico colombiano. En lo que corresponde a la Colecci\u00f3n Globalizaci\u00f3n e Integraci\u00f3n del Colegio de estudios Superiores de Administraci\u00f3n (CESA), el profesor titular de dicha instituci\u00f3n, quien adem\u00e1s participa en la preparacci\u00f3n del MBA Internacional, present\u00f3 su \u00faltimo trabajo en el marco [&hellip;]<\/p>\n","protected":false},"author":1,"featured_media":0,"comment_status":"open","ping_status":"open","sticky":false,"template":"","format":"standard","meta":{"footnotes":""},"categories":[4],"tags":[],"class_list":["post-404","post","type-post","status-publish","format-standard","hentry","category-noticias"],"featured_image_url":null,"_links":{"self":[{"href":"https:\/\/gobierno.udd.cl\/estudio-rrii\/wp-json\/wp\/v2\/posts\/404","targetHints":{"allow":["GET"]}}],"collection":[{"href":"https:\/\/gobierno.udd.cl\/estudio-rrii\/wp-json\/wp\/v2\/posts"}],"about":[{"href":"https:\/\/gobierno.udd.cl\/estudio-rrii\/wp-json\/wp\/v2\/types\/post"}],"author":[{"embeddable":true,"href":"https:\/\/gobierno.udd.cl\/estudio-rrii\/wp-json\/wp\/v2\/users\/1"}],"replies":[{"embeddable":true,"href":"https:\/\/gobierno.udd.cl\/estudio-rrii\/wp-json\/wp\/v2\/comments?post=404"}],"version-history":[{"count":3,"href":"https:\/\/gobierno.udd.cl\/estudio-rrii\/wp-json\/wp\/v2\/posts\/404\/revisions"}],"predecessor-version":[{"id":408,"href":"https:\/\/gobierno.udd.cl\/estudio-rrii\/wp-json\/wp\/v2\/posts\/404\/revisions\/408"}],"wp:attachment":[{"href":"https:\/\/gobierno.udd.cl\/estudio-rrii\/wp-json\/wp\/v2\/media?parent=404"}],"wp:term":[{"taxonomy":"category","embeddable":true,"href":"https:\/\/gobierno.udd.cl\/estudio-rrii\/wp-json\/wp\/v2\/categories?post=404"},{"taxonomy":"post_tag","embeddable":true,"href":"https:\/\/gobierno.udd.cl\/estudio-rrii\/wp-json\/wp\/v2\/tags?post=404"}],"curies":[{"name":"wp","href":"https:\/\/api.w.org\/{rel}","templated":true}]}}