{"id":367,"date":"2011-08-17T10:31:23","date_gmt":"2011-08-17T14:31:23","guid":{"rendered":"http:\/\/gobierno.udd.cl\/estudio-rrii\/?p=367"},"modified":"2016-05-27T14:20:25","modified_gmt":"2016-05-27T18:20:25","slug":"proxima-conferencia-chile-y-peru-despues-de-la-haya","status":"publish","type":"post","link":"https:\/\/gobierno.udd.cl\/estudio-rrii\/noticias\/2011\/08\/17\/proxima-conferencia-chile-y-peru-despues-de-la-haya\/","title":{"rendered":"Pr\u00f3xima conferencia \u00abChile y Per\u00fa despu\u00e9s de la Haya\u00bb"},"content":{"rendered":"<p style=\"text-align: justify;\"><strong>La conferencia \u00a0ser\u00e1 dictada por el prestigioso analista internacional y docente de la Universidad de Chile Jos\u00e9 Rodriguez Elizondo.<\/strong><\/p>\n<p style=\"text-align: center;\"><img loading=\"lazy\" decoding=\"async\" class=\"aligncenter size-large wp-image-740\" title=\"afiche. elizondo. copia\" src=\"http:\/\/gobierno.udd.cl\/ciencia-politica-publica\/files\/2011\/08\/afiche.-elizondo.-copia1-790x1024.jpg\" alt=\"\" width=\"284\" height=\"368\" \/><\/p>\n<p style=\"text-align: justify;\">El lunes 12 de septiembre desde las 10:00 horas en el auditorio 201 ubicado en Ainavillo \u00a0456, Universidad del Desarollo, sede Concepci\u00f3n, \u00a0se desarrollar\u00e1 la\u00a0conferencia \u00abChile y Per\u00fa despu\u00e9s de la Haya\u00bb.<\/p>\n<p style=\"text-align: justify;\">Jos\u00e9\u00a0Rodriguez\u00a0Elizondo es Abogado, periodista y ex\u00a0diplom\u00e1tico. Asimismo, es autor de varios libros y ensayos, entre los que se cuentran: \u00abChile y Per\u00fa, el siglo que vivimos en peligro\u00bb, \u00abDe Chara\u00f1a a la Haya: Chile entre la aspiraci\u00f3n mar\u00edtima de Bolivia y la demanda\u00a0mar\u00edtima\u00a0de Per\u00fa\u00bb y su \u00faltima obra \u00abChile y Per\u00fa despu\u00e9s de la Haya.<\/p>\n<p style=\"text-align: justify;\">Todos los estudiantes quedan invitados a participar\u00a0activamente\u00a0en esta actividad, la cual servir\u00e1 de mucho para conocer la futura situaci\u00f3n bilateral entre Chile y el vecino pa\u00eds.<\/p>\n","protected":false},"excerpt":{"rendered":"<p>La conferencia \u00a0ser\u00e1 dictada por el prestigioso analista internacional y docente de la Universidad de Chile Jos\u00e9 Rodriguez Elizondo. El lunes 12 de septiembre desde las 10:00 horas en el auditorio 201 ubicado en Ainavillo \u00a0456, Universidad del Desarollo, sede Concepci\u00f3n, \u00a0se desarrollar\u00e1 la\u00a0conferencia \u00abChile y Per\u00fa despu\u00e9s de la Haya\u00bb. Jos\u00e9\u00a0Rodriguez\u00a0Elizondo es Abogado, periodista [&hellip;]<\/p>\n","protected":false},"author":1,"featured_media":0,"comment_status":"open","ping_status":"open","sticky":false,"template":"","format":"standard","meta":{"footnotes":""},"categories":[1],"tags":[],"class_list":["post-367","post","type-post","status-publish","format-standard","hentry","category-sin-categoria"],"featured_image_url":null,"_links":{"self":[{"href":"https:\/\/gobierno.udd.cl\/estudio-rrii\/wp-json\/wp\/v2\/posts\/367","targetHints":{"allow":["GET"]}}],"collection":[{"href":"https:\/\/gobierno.udd.cl\/estudio-rrii\/wp-json\/wp\/v2\/posts"}],"about":[{"href":"https:\/\/gobierno.udd.cl\/estudio-rrii\/wp-json\/wp\/v2\/types\/post"}],"author":[{"embeddable":true,"href":"https:\/\/gobierno.udd.cl\/estudio-rrii\/wp-json\/wp\/v2\/users\/1"}],"replies":[{"embeddable":true,"href":"https:\/\/gobierno.udd.cl\/estudio-rrii\/wp-json\/wp\/v2\/comments?post=367"}],"version-history":[{"count":3,"href":"https:\/\/gobierno.udd.cl\/estudio-rrii\/wp-json\/wp\/v2\/posts\/367\/revisions"}],"predecessor-version":[{"id":1757,"href":"https:\/\/gobierno.udd.cl\/estudio-rrii\/wp-json\/wp\/v2\/posts\/367\/revisions\/1757"}],"wp:attachment":[{"href":"https:\/\/gobierno.udd.cl\/estudio-rrii\/wp-json\/wp\/v2\/media?parent=367"}],"wp:term":[{"taxonomy":"category","embeddable":true,"href":"https:\/\/gobierno.udd.cl\/estudio-rrii\/wp-json\/wp\/v2\/categories?post=367"},{"taxonomy":"post_tag","embeddable":true,"href":"https:\/\/gobierno.udd.cl\/estudio-rrii\/wp-json\/wp\/v2\/tags?post=367"}],"curies":[{"name":"wp","href":"https:\/\/api.w.org\/{rel}","templated":true}]}}