{"id":3230,"date":"2024-05-10T11:25:00","date_gmt":"2024-05-10T15:25:00","guid":{"rendered":"https:\/\/gobierno.udd.cl\/estudio-rrii\/?p=3230"},"modified":"2025-03-10T11:30:08","modified_gmt":"2025-03-10T14:30:08","slug":"subsecretaria-rree-pese-a-procesos-vertiginosos-chile-es-visto-como-un-actor-confiable-y-estable","status":"publish","type":"post","link":"https:\/\/gobierno.udd.cl\/estudio-rrii\/noticias\/2024\/05\/10\/subsecretaria-rree-pese-a-procesos-vertiginosos-chile-es-visto-como-un-actor-confiable-y-estable\/","title":{"rendered":"Subsecretaria RREE: \u201cPese a procesos vertiginosos, Chile es visto como un actor confiable y estable\u201d"},"content":{"rendered":"\n<p><em>Durante actividad de Gobierno UDD, la Subsecretaria de Relaciones Exteriores del MINREL reafirm\u00f3 el prestigio a nivel internacional que mantiene nuestro pa\u00eds y destac\u00f3 las principales iniciativas que han marcado la agenda internacional de los \u00faltimos a\u00f1os.&nbsp;<\/em><\/p>\n\n\n\n<p>El Centro de Estudios de Relaciones Internacionales (CERI) de la Facultad de Gobierno UDD, realiz\u00f3 este jueves 09 de mayo la charla Desaf\u00edos y Reflexiones de la Pol\u00edtica Exterior Chilena, organizada en conjunto con el Ministerio de Relaciones Exteriores, y que cont\u00f3 con la participaci\u00f3n de la Subsecretaria de Relaciones Exteriores, Gloria de la Fuente.<\/p>\n\n\n\n<p>Con la interrogante de por qu\u00e9 nos debe preocupar la pol\u00edtica exterior y las relaciones internacionales como pa\u00eds, el acad\u00e9mico del CERI, Juan Pablo Sims, dio inicio a la actividad, afirmando que <strong>\u201cdebemos considerar los riesgos globales que nos afectan, como el cambio clim\u00e1tico o la desinformaci\u00f3n; la incertidumbre para nuestra econom\u00eda producto de crisis tales como la existente en Ucrania o Gaza; presiones que un pa\u00eds como Chile puede sufrir por parte de econom\u00edas m\u00e1s grandes; y los desaf\u00edos y disrupci\u00f3n de los \u00faltimos avances tecnol\u00f3gicos, como los potenciales efectos del desarrollo de la inteligencia artificial en la ciberseguridad. Todas estas tem\u00e1ticas tienen relaci\u00f3n con la pol\u00edtica exterior\u201d<\/strong>, finaliza. &nbsp;<\/p>\n\n\n\n<p>Tras esta introducci\u00f3n, la subsecretaria Gloria de la Fuente inici\u00f3 su presentaci\u00f3n enfocada en las distintas miradas y desaf\u00edos de la agenda chilena en relaci\u00f3n a esta materia. <strong>\u201cChile goza de gran prestigio a nivel internacional y es respetado por aquellos atributos que, desde hace d\u00e9cadas, nos han distinguido en el mundo. Pese a los procesos vertiginosos que ha pasado nuestro pa\u00eds en tiempos recientes, continuamos siendo vistos como un actor confiable, estable y responsable\u201d, afirma.<\/strong><\/p>\n\n\n<section class=\"wp-block-udd-gallery-carousel wp-carousel-gallery\">\n\t<div class=\"container\">\n\t\t<div\n\t\t\tclass=\"slick-carousel gallery-slick-carousel gallery-carousel--1\"\n\t\t\tdata-slick='{&quot;slidesToScroll&quot;:1,&quot;slidesToShow&quot;:1,&quot;appendDots&quot;:&quot;#dots-69f0a48cac347&quot;,&quot;prevArrow&quot;:&quot;&lt;button type=\\&quot;button\\&quot; class=\\&quot;btn btn-primary slick-prev\\&quot;&gt;&lt;svg class=\\&quot;svg-chevron-left-dims\\&quot;&gt;&lt;use xlink:href=&#039;https:\\\/\\\/gobierno.udd.cl\\\/estudio-rrii\\\/wp-content\\\/themes\\\/facultades-2018\\\/assets\\\/img\\\/svg\\\/dist\\\/main.svg?version=1695853099#chevron-left&#039;&gt;&lt;\\\/use&gt;&lt;\\\/svg&gt;&lt;span class=\\&quot;sr-only\\&quot;&gt;Anterior&lt;\\\/span&gt;&lt;\\\/button&gt;&quot;,&quot;nextArrow&quot;:&quot;&lt;button type=\\&quot;button\\&quot; class=\\&quot;btn btn-primary slick-next\\&quot;&gt;&lt;svg class=\\&quot;svg-chevron-right-dims\\&quot;&gt;&lt;use xlink:href=&#039;https:\\\/\\\/gobierno.udd.cl\\\/estudio-rrii\\\/wp-content\\\/themes\\\/facultades-2018\\\/assets\\\/img\\\/svg\\\/dist\\\/main.svg?version=1695853099#chevron-right&#039;&gt;&lt;\\\/use&gt;&lt;\\\/svg&gt;&lt;span class=\\&quot;sr-only\\&quot;&gt;Siguiente&lt;\\\/span&gt;&lt;\\\/button&gt;&quot;,&quot;infinite&quot;:true,&quot;dots&quot;:true}'\n\t\t>\n\t\t\t\t\t\t\t<figure>\n\t\t\t\t\t<img loading=\"lazy\" decoding=\"async\" width=\"1280\" height=\"720\" src=\"https:\/\/gobierno.udd.cl\/estudio-rrii\/wp-content\/plugins\/wp-async-img-load\/blank.png\" class=\"attachment-1280x720 size-1280x720 lazyload\" alt=\"\" sizes=\"auto, (max-width: 1280px) 100vw, 1280px\" data-src=\"https:\/\/gobierno.udd.cl\/estudio-rrii\/files\/2025\/03\/image-17-1366x768.png\" data-srcset=\"https:\/\/gobierno.udd.cl\/estudio-rrii\/files\/2025\/03\/image-17-1366x768.png 1366w, https:\/\/gobierno.udd.cl\/estudio-rrii\/files\/2025\/03\/image-17-300x169.png 300w, https:\/\/gobierno.udd.cl\/estudio-rrii\/files\/2025\/03\/image-17-1024x576.png 1024w, https:\/\/gobierno.udd.cl\/estudio-rrii\/files\/2025\/03\/image-17-768x432.png 768w, https:\/\/gobierno.udd.cl\/estudio-rrii\/files\/2025\/03\/image-17-1536x864.png 1536w, https:\/\/gobierno.udd.cl\/estudio-rrii\/files\/2025\/03\/image-17-680x382.png 680w, https:\/\/gobierno.udd.cl\/estudio-rrii\/files\/2025\/03\/image-17.png 1920w\" \/>\t\t\t\t\t\t\t\t\t<\/figure>\n\t\t\t\t\t\t\t<figure>\n\t\t\t\t\t<img loading=\"lazy\" decoding=\"async\" width=\"1280\" height=\"720\" src=\"https:\/\/gobierno.udd.cl\/estudio-rrii\/wp-content\/plugins\/wp-async-img-load\/blank.png\" class=\"attachment-1280x720 size-1280x720 lazyload\" alt=\"\" sizes=\"auto, (max-width: 1280px) 100vw, 1280px\" data-src=\"https:\/\/gobierno.udd.cl\/estudio-rrii\/files\/2025\/03\/image-16-1366x768.png\" data-srcset=\"https:\/\/gobierno.udd.cl\/estudio-rrii\/files\/2025\/03\/image-16-1366x768.png 1366w, https:\/\/gobierno.udd.cl\/estudio-rrii\/files\/2025\/03\/image-16-300x169.png 300w, https:\/\/gobierno.udd.cl\/estudio-rrii\/files\/2025\/03\/image-16-1024x576.png 1024w, https:\/\/gobierno.udd.cl\/estudio-rrii\/files\/2025\/03\/image-16-768x432.png 768w, https:\/\/gobierno.udd.cl\/estudio-rrii\/files\/2025\/03\/image-16-1536x864.png 1536w, https:\/\/gobierno.udd.cl\/estudio-rrii\/files\/2025\/03\/image-16-680x382.png 680w, https:\/\/gobierno.udd.cl\/estudio-rrii\/files\/2025\/03\/image-16.png 1920w\" \/>\t\t\t\t\t\t\t\t\t<\/figure>\n\t\t\t\t\t\t\t<figure>\n\t\t\t\t\t<img loading=\"lazy\" decoding=\"async\" width=\"1280\" height=\"720\" src=\"https:\/\/gobierno.udd.cl\/estudio-rrii\/wp-content\/plugins\/wp-async-img-load\/blank.png\" class=\"attachment-1280x720 size-1280x720 lazyload\" alt=\"\" sizes=\"auto, (max-width: 1280px) 100vw, 1280px\" data-src=\"https:\/\/gobierno.udd.cl\/estudio-rrii\/files\/2025\/03\/image-15-1366x768.png\" data-srcset=\"https:\/\/gobierno.udd.cl\/estudio-rrii\/files\/2025\/03\/image-15-1366x768.png 1366w, https:\/\/gobierno.udd.cl\/estudio-rrii\/files\/2025\/03\/image-15-300x169.png 300w, https:\/\/gobierno.udd.cl\/estudio-rrii\/files\/2025\/03\/image-15-1024x576.png 1024w, https:\/\/gobierno.udd.cl\/estudio-rrii\/files\/2025\/03\/image-15-768x432.png 768w, https:\/\/gobierno.udd.cl\/estudio-rrii\/files\/2025\/03\/image-15-1536x864.png 1536w, https:\/\/gobierno.udd.cl\/estudio-rrii\/files\/2025\/03\/image-15-680x382.png 680w, https:\/\/gobierno.udd.cl\/estudio-rrii\/files\/2025\/03\/image-15.png 1920w\" \/>\t\t\t\t\t\t\t\t\t<\/figure>\n\t\t\t\t\t\t\t<figure>\n\t\t\t\t\t<img loading=\"lazy\" decoding=\"async\" width=\"1280\" height=\"720\" src=\"https:\/\/gobierno.udd.cl\/estudio-rrii\/wp-content\/plugins\/wp-async-img-load\/blank.png\" class=\"attachment-1280x720 size-1280x720 lazyload\" alt=\"\" sizes=\"auto, (max-width: 1280px) 100vw, 1280px\" data-src=\"https:\/\/gobierno.udd.cl\/estudio-rrii\/files\/2025\/03\/image-14-1366x768.png\" data-srcset=\"https:\/\/gobierno.udd.cl\/estudio-rrii\/files\/2025\/03\/image-14-1366x768.png 1366w, https:\/\/gobierno.udd.cl\/estudio-rrii\/files\/2025\/03\/image-14-300x169.png 300w, https:\/\/gobierno.udd.cl\/estudio-rrii\/files\/2025\/03\/image-14-1024x576.png 1024w, https:\/\/gobierno.udd.cl\/estudio-rrii\/files\/2025\/03\/image-14-768x432.png 768w, https:\/\/gobierno.udd.cl\/estudio-rrii\/files\/2025\/03\/image-14-1536x864.png 1536w, https:\/\/gobierno.udd.cl\/estudio-rrii\/files\/2025\/03\/image-14-680x382.png 680w, https:\/\/gobierno.udd.cl\/estudio-rrii\/files\/2025\/03\/image-14.png 1920w\" \/>\t\t\t\t\t\t\t\t\t<\/figure>\n\t\t\t\t\t\t\t<figure>\n\t\t\t\t\t<img loading=\"lazy\" decoding=\"async\" width=\"1280\" height=\"720\" src=\"https:\/\/gobierno.udd.cl\/estudio-rrii\/wp-content\/plugins\/wp-async-img-load\/blank.png\" class=\"attachment-1280x720 size-1280x720 lazyload\" alt=\"\" sizes=\"auto, (max-width: 1280px) 100vw, 1280px\" data-src=\"https:\/\/gobierno.udd.cl\/estudio-rrii\/files\/2025\/03\/image-13-1366x768.png\" data-srcset=\"https:\/\/gobierno.udd.cl\/estudio-rrii\/files\/2025\/03\/image-13-1366x768.png 1366w, https:\/\/gobierno.udd.cl\/estudio-rrii\/files\/2025\/03\/image-13-300x169.png 300w, https:\/\/gobierno.udd.cl\/estudio-rrii\/files\/2025\/03\/image-13-1024x576.png 1024w, https:\/\/gobierno.udd.cl\/estudio-rrii\/files\/2025\/03\/image-13-768x432.png 768w, https:\/\/gobierno.udd.cl\/estudio-rrii\/files\/2025\/03\/image-13-1536x864.png 1536w, https:\/\/gobierno.udd.cl\/estudio-rrii\/files\/2025\/03\/image-13-680x382.png 680w, https:\/\/gobierno.udd.cl\/estudio-rrii\/files\/2025\/03\/image-13.png 1920w\" \/>\t\t\t\t\t\t\t\t\t<\/figure>\n\t\t\t\t\t\t\t<figure>\n\t\t\t\t\t<img loading=\"lazy\" decoding=\"async\" width=\"1280\" height=\"720\" src=\"https:\/\/gobierno.udd.cl\/estudio-rrii\/wp-content\/plugins\/wp-async-img-load\/blank.png\" class=\"attachment-1280x720 size-1280x720 lazyload\" alt=\"\" sizes=\"auto, (max-width: 1280px) 100vw, 1280px\" data-src=\"https:\/\/gobierno.udd.cl\/estudio-rrii\/files\/2025\/03\/image-12-1366x768.png\" data-srcset=\"https:\/\/gobierno.udd.cl\/estudio-rrii\/files\/2025\/03\/image-12-1366x768.png 1366w, https:\/\/gobierno.udd.cl\/estudio-rrii\/files\/2025\/03\/image-12-300x169.png 300w, https:\/\/gobierno.udd.cl\/estudio-rrii\/files\/2025\/03\/image-12-1024x576.png 1024w, https:\/\/gobierno.udd.cl\/estudio-rrii\/files\/2025\/03\/image-12-768x432.png 768w, https:\/\/gobierno.udd.cl\/estudio-rrii\/files\/2025\/03\/image-12-1536x864.png 1536w, https:\/\/gobierno.udd.cl\/estudio-rrii\/files\/2025\/03\/image-12-680x382.png 680w, https:\/\/gobierno.udd.cl\/estudio-rrii\/files\/2025\/03\/image-12.png 1920w\" \/>\t\t\t\t\t\t\t\t\t<\/figure>\n\t\t\t\t\t\t\t<figure>\n\t\t\t\t\t<img loading=\"lazy\" decoding=\"async\" width=\"1280\" height=\"720\" src=\"https:\/\/gobierno.udd.cl\/estudio-rrii\/wp-content\/plugins\/wp-async-img-load\/blank.png\" class=\"attachment-1280x720 size-1280x720 lazyload\" alt=\"\" sizes=\"auto, (max-width: 1280px) 100vw, 1280px\" data-src=\"https:\/\/gobierno.udd.cl\/estudio-rrii\/files\/2025\/03\/image-11-1366x768.png\" data-srcset=\"https:\/\/gobierno.udd.cl\/estudio-rrii\/files\/2025\/03\/image-11-1366x768.png 1366w, https:\/\/gobierno.udd.cl\/estudio-rrii\/files\/2025\/03\/image-11-300x169.png 300w, https:\/\/gobierno.udd.cl\/estudio-rrii\/files\/2025\/03\/image-11-1024x576.png 1024w, https:\/\/gobierno.udd.cl\/estudio-rrii\/files\/2025\/03\/image-11-768x432.png 768w, https:\/\/gobierno.udd.cl\/estudio-rrii\/files\/2025\/03\/image-11-1536x864.png 1536w, https:\/\/gobierno.udd.cl\/estudio-rrii\/files\/2025\/03\/image-11-680x382.png 680w, https:\/\/gobierno.udd.cl\/estudio-rrii\/files\/2025\/03\/image-11.png 1920w\" \/>\t\t\t\t\t\t\t\t\t<\/figure>\n\t\t\t\t\t<\/div>\n\t\t<div\n\t\t\tclass=\"carousel-gallery--carousel-dots\"\n\t\t\tid=\"dots-69f0a48cac347\"\n\t\t><\/div>\n\t<\/div>\n<\/section>\n\n\n\n<p>En la misma l\u00ednea, destac\u00f3 los lineamientos relevantes para el pa\u00eds que se mantienen a lo largo del tiempo, y la agenda que da respuesta a escenarios emergentes: <strong>\u00abla pol\u00edtica exterior de Chile se basa en principios permanentes y muchas l\u00edneas de acci\u00f3n tienen ra\u00edces profundas y son ineludibles; pero es necesario tambi\u00e9n reconocer que la velocidad del cambio y la emergencia de nuevos desaf\u00edos nos obligan siempre a repensar c\u00f3mo, sobre la base de esos principios permanentes y las l\u00edneas tradicionales de trabajo, nuestro pa\u00eds se proyecta hacia el mundo y se vincula con otros pa\u00edses, con la regi\u00f3n y con el sistema multilateral. Es lo que el ministro Alberto van Klaveren ha instalado como idea de la gesti\u00f3n del ministerio en estos a\u00f1os: continuidad y cambio\u00bb<\/strong>, explic\u00f3 la subsecretaria.<\/p>\n\n\n\n<p>Destaca como algunos de los principios permanentes \u201cla defensa restricta de la democracia y los derechos humanos; respeto al derecho internacional y al multilateralismo; y la responsabilidad de cooperar y diversificaci\u00f3n con v\u00ednculos comerciales en el mundo\u201d.<\/p>\n\n\n\n<p>Luego, la invitada pas\u00f3 a nombrar ejemplos que demuestran el escenario de nuestro pa\u00eds y la agenda que impulsan desde es MINREL, en materia de pol\u00edtica exterior, con tem\u00e1ticas relacionadas con medioambiente, igualdad de g\u00e9nero, entre otros, destacando <strong>\u201cla realizaci\u00f3n de la reuni\u00f3n bianual de planificaci\u00f3n y coordinaci\u00f3n de las autoridades de Naciones Unidas con sede en Chile, que por primera vez se hizo en un pa\u00eds latinoamericano, claro reconocimiento a la confianza en nuestro pa\u00eds\u201d.<\/strong><\/p>\n\n\n\n<p>\u201cAsimismo, el a\u00f1o pasado Chile pas\u00f3 a integrar nuevamente el Consejo de Derechos Humanos de Naciones Unidas, para el per\u00edodo 2023-2025, instancia en la cual somos representados por nuestro embajador en Ginebra\u201d, explic\u00f3 la subsecretaria. \u201cNos parece sumamente relevante que las convicciones sustenten acciones concretas, y eso tambi\u00e9n es reconocido a nivel internacional, que en esta oportunidad nos brind\u00f3 un apoyo mayoritario, siendo la candidatura latinoamericana con m\u00e1s alta votaci\u00f3n, lo que representa un amplio reconocimiento a la trayectoria y pol\u00edtica exterior de nuestro pa\u00eds, basada en algunos principios fundamentales, como lo es el compromiso con los derechos humanos\u201d. \u00a0<\/p>\n\n\n\n<figure class=\"wp-block-embed is-type-video is-provider-youtube wp-block-embed-youtube wp-embed-aspect-16-9 wp-has-aspect-ratio\"><div class=\"wp-block-embed__wrapper\">\n<iframe loading=\"lazy\" title=\"Seminario | Desaf\u00edos y Reflexiones de la Pol\u00edtica Exterior chilena\" width=\"500\" height=\"281\" src=\"https:\/\/www.youtube.com\/embed\/0IyioWfmA44?start=679&#038;feature=oembed\" frameborder=\"0\" allow=\"accelerometer; autoplay; clipboard-write; encrypted-media; gyroscope; picture-in-picture; web-share\" referrerpolicy=\"strict-origin-when-cross-origin\" allowfullscreen><\/iframe>\n<\/div><\/figure>\n","protected":false},"excerpt":{"rendered":"<p>Durante actividad de Gobierno UDD, la Subsecretaria de Relaciones Exteriores del MINREL reafirm\u00f3 el prestigio a nivel internacional que mantiene nuestro pa\u00eds y destac\u00f3 las principales iniciativas que han marcado la agenda internacional de los \u00faltimos a\u00f1os.&nbsp; El Centro de Estudios de Relaciones Internacionales (CERI) de la Facultad de Gobierno UDD, realiz\u00f3 este jueves 09 [&hellip;]<\/p>\n","protected":false},"author":9192236,"featured_media":3232,"comment_status":"closed","ping_status":"open","sticky":false,"template":"","format":"standard","meta":{"footnotes":""},"categories":[4],"tags":[],"class_list":["post-3230","post","type-post","status-publish","format-standard","has-post-thumbnail","hentry","category-noticias"],"featured_image_url":"https:\/\/gobierno.udd.cl\/estudio-rrii\/files\/2025\/03\/image-11.png","_links":{"self":[{"href":"https:\/\/gobierno.udd.cl\/estudio-rrii\/wp-json\/wp\/v2\/posts\/3230","targetHints":{"allow":["GET"]}}],"collection":[{"href":"https:\/\/gobierno.udd.cl\/estudio-rrii\/wp-json\/wp\/v2\/posts"}],"about":[{"href":"https:\/\/gobierno.udd.cl\/estudio-rrii\/wp-json\/wp\/v2\/types\/post"}],"author":[{"embeddable":true,"href":"https:\/\/gobierno.udd.cl\/estudio-rrii\/wp-json\/wp\/v2\/users\/9192236"}],"replies":[{"embeddable":true,"href":"https:\/\/gobierno.udd.cl\/estudio-rrii\/wp-json\/wp\/v2\/comments?post=3230"}],"version-history":[{"count":2,"href":"https:\/\/gobierno.udd.cl\/estudio-rrii\/wp-json\/wp\/v2\/posts\/3230\/revisions"}],"predecessor-version":[{"id":3240,"href":"https:\/\/gobierno.udd.cl\/estudio-rrii\/wp-json\/wp\/v2\/posts\/3230\/revisions\/3240"}],"wp:featuredmedia":[{"embeddable":true,"href":"https:\/\/gobierno.udd.cl\/estudio-rrii\/wp-json\/wp\/v2\/media\/3232"}],"wp:attachment":[{"href":"https:\/\/gobierno.udd.cl\/estudio-rrii\/wp-json\/wp\/v2\/media?parent=3230"}],"wp:term":[{"taxonomy":"category","embeddable":true,"href":"https:\/\/gobierno.udd.cl\/estudio-rrii\/wp-json\/wp\/v2\/categories?post=3230"},{"taxonomy":"post_tag","embeddable":true,"href":"https:\/\/gobierno.udd.cl\/estudio-rrii\/wp-json\/wp\/v2\/tags?post=3230"}],"curies":[{"name":"wp","href":"https:\/\/api.w.org\/{rel}","templated":true}]}}