{"id":3157,"date":"2023-01-25T11:27:57","date_gmt":"2023-01-25T14:27:57","guid":{"rendered":"https:\/\/gobierno.udd.cl\/estudio-rrii\/?p=3157"},"modified":"2023-01-25T11:27:58","modified_gmt":"2023-01-25T14:27:58","slug":"columna-de-juan-pablo-sims-cibercrimen-la-arista-olvidada-contra-el-crimen-organizado","status":"publish","type":"post","link":"https:\/\/gobierno.udd.cl\/estudio-rrii\/noticias\/2023\/01\/25\/columna-de-juan-pablo-sims-cibercrimen-la-arista-olvidada-contra-el-crimen-organizado\/","title":{"rendered":"Columna de Juan Pablo Sims: Cibercrimen: la arista olvidada contra el crimen organizado"},"content":{"rendered":"\n<p>El aumento sostenido de la delincuencia se ha tomado la agenda, pasando de un lugar relevante, pero secundario, a uno dominante en m\u00faltiples c\u00edrculos, no solo pol\u00edticos, sino que tambi\u00e9n acad\u00e9micos y ciudadanos. Hoy por hoy es la preocupaci\u00f3n en Chile.<\/p>\n\n\n\n<p>Las cifras as\u00ed lo confirman. Seg\u00fan datos de 2022, en nuestro pa\u00eds los homicidios aumentaron un 42%, as\u00ed como tambi\u00e9n los secuestros, que presentaron un incremento del 77% respecto a 2021, un delito que hace unos a\u00f1os era pr\u00e1cticamente inexistente en el territorio nacional.<\/p>\n\n\n\n<p>Por desgracia, los delitos \u201ctradicionales\u201d no son los \u00fanicos que van en aumento. En 2021, los pa\u00edses de la regi\u00f3n experimentaron m\u00e1s de 28.900 millones de intentos de ciberataque, representando un aumento del 600% respecto a 2020.<\/p>\n\n\n\n<p>Este fen\u00f3meno no es exclusivo de Am\u00e9rica Latina, incluso el mundo desarrollado se est\u00e1 enfrentando a una fuerte y creciente ola de cibercrimen. Seg\u00fan la Encuesta de Delitos de Inglaterra y Gales, en 2019 hubo 3,8 millones de incidentes de fraude en l\u00ednea, lo que represent\u00f3 el tercio de todos los delitos cometidos.<\/p>\n\n\n\n<p>Este n\u00famero ha seguido aumentando desde 2017. Aproximadamente, el 7% de los adultos fueron v\u00edctimas, de los cuales el 75% perdieron dinero y, de ellos, el 15% perdieron m\u00e1s de \u00a31.000. En Estados Unidos, los casos de fraude en internet denunciados aumentaron en 69% en 2020, con p\u00e9rdidas totales de $4,2 mil millones de d\u00f3lares.<\/p>\n\n\n\n<p>Tambi\u00e9n est\u00e1n creciendo los delitos que son habilitados por la expansi\u00f3n de las nuevas tecnolog\u00edas. Por ejemplo, las llamadas telef\u00f3nicas y los mensajes de texto de&nbsp;<em>spam&nbsp;<\/em>generados por computador, que buscan enga\u00f1ar a las personas, generan millones en p\u00e9rdidas cada a\u00f1o.<\/p>\n\n\n\n<p>La tecnolog\u00eda moderna tambi\u00e9n facilita la perpetraci\u00f3n de delitos tradicionales, como el tr\u00e1fico de drogas, ya que los traficantes utilizan criptomonedas, como Bitcoin, para recibir pagos y mover las ganancias, y programas de comunicaci\u00f3n cifrada para organizar sus actividades. En ese sentido, hoy en d\u00eda, no hay crimen organizado a gran escala que no tenga un componente digital.<\/p>\n\n\n\n<p>Es preocupante que nuestros representantes no est\u00e9n poniendo como prioridad resolver esta cat\u00e1strofe. A pesar de lo mucho que se est\u00e1 discutiendo sobre delincuencia y crimen organizado, iniciativas tales como la Ley Marco sobre Ciberseguridad e Infraestructura Cr\u00edtica de la Informaci\u00f3n o la Ley de Protecci\u00f3n de Datos, todav\u00eda no han sido aprobadas.<\/p>\n\n\n\n<p>Chile se est\u00e1 moviendo lentamente en el asunto. Pareciera ser que los pol\u00edticos y el gobierno en particular, a pesar de su juventud y supuesta conexi\u00f3n con las \u00faltimas tendencias, todav\u00eda no han entendido la velocidad con la que est\u00e1 evolucionando el delito nuestro pa\u00eds y el mundo.<\/p>\n\n\n\n<p>\u00bfEs necesario dilatar m\u00e1s el proceso para tener un marco regulatorio a la altura de nuestros tiempos? Esperemos que este tema no se transforme en otro espacio de discusi\u00f3n ideol\u00f3gica que produzca paralizaci\u00f3n y polarizaci\u00f3n, dado que Chile necesita soluciones en el corto plazo.<\/p>\n\n\n\n<p>Columna escrita por <strong>Juan Pablo Sims<\/strong>, Centro de Estudios de Relaciones Internacionales, Universidad del Desarrollo, para el diario <strong><a href=\"https:\/\/www.latercera.com\/opinion\/noticia\/columna-de-juan-pablo-sims-cibercrimen-la-arista-olvidada-contra-el-crimen-organizado\/VHD5YDZ5P5CPNKA6JPM4W7RBRQ\/\" target=\"_blank\" rel=\"noreferrer noopener\">La Tercera<\/a><\/strong>.  <\/p>\n","protected":false},"excerpt":{"rendered":"<p>El aumento sostenido de la delincuencia se ha tomado la agenda, pasando de un lugar relevante, pero secundario, a uno dominante en m\u00faltiples c\u00edrculos, no solo pol\u00edticos, sino que tambi\u00e9n acad\u00e9micos y ciudadanos. Hoy por hoy es la preocupaci\u00f3n en Chile. Las cifras as\u00ed lo confirman. Seg\u00fan datos de 2022, en nuestro pa\u00eds los homicidios [&hellip;]<\/p>\n","protected":false},"author":9192237,"featured_media":3158,"comment_status":"open","ping_status":"open","sticky":false,"template":"","format":"standard","meta":{"footnotes":""},"categories":[11471,4],"tags":[7732,4525,11473,8101,4176],"class_list":["post-3157","post","type-post","status-publish","format-standard","has-post-thumbnail","hentry","category-ceri-en-la-prensa","category-noticias","tag-ceri","tag-facultad-de-gobierno","tag-juan-pablo-sims","tag-relaciones-internacionales","tag-udd"],"featured_image_url":"https:\/\/gobierno.udd.cl\/estudio-rrii\/files\/2023\/01\/juan-pablo-sims-scaled-1.jpg","_links":{"self":[{"href":"https:\/\/gobierno.udd.cl\/estudio-rrii\/wp-json\/wp\/v2\/posts\/3157","targetHints":{"allow":["GET"]}}],"collection":[{"href":"https:\/\/gobierno.udd.cl\/estudio-rrii\/wp-json\/wp\/v2\/posts"}],"about":[{"href":"https:\/\/gobierno.udd.cl\/estudio-rrii\/wp-json\/wp\/v2\/types\/post"}],"author":[{"embeddable":true,"href":"https:\/\/gobierno.udd.cl\/estudio-rrii\/wp-json\/wp\/v2\/users\/9192237"}],"replies":[{"embeddable":true,"href":"https:\/\/gobierno.udd.cl\/estudio-rrii\/wp-json\/wp\/v2\/comments?post=3157"}],"version-history":[{"count":1,"href":"https:\/\/gobierno.udd.cl\/estudio-rrii\/wp-json\/wp\/v2\/posts\/3157\/revisions"}],"predecessor-version":[{"id":3159,"href":"https:\/\/gobierno.udd.cl\/estudio-rrii\/wp-json\/wp\/v2\/posts\/3157\/revisions\/3159"}],"wp:featuredmedia":[{"embeddable":true,"href":"https:\/\/gobierno.udd.cl\/estudio-rrii\/wp-json\/wp\/v2\/media\/3158"}],"wp:attachment":[{"href":"https:\/\/gobierno.udd.cl\/estudio-rrii\/wp-json\/wp\/v2\/media?parent=3157"}],"wp:term":[{"taxonomy":"category","embeddable":true,"href":"https:\/\/gobierno.udd.cl\/estudio-rrii\/wp-json\/wp\/v2\/categories?post=3157"},{"taxonomy":"post_tag","embeddable":true,"href":"https:\/\/gobierno.udd.cl\/estudio-rrii\/wp-json\/wp\/v2\/tags?post=3157"}],"curies":[{"name":"wp","href":"https:\/\/api.w.org\/{rel}","templated":true}]}}