{"id":3144,"date":"2022-12-22T13:46:55","date_gmt":"2022-12-22T16:46:55","guid":{"rendered":"https:\/\/gobierno.udd.cl\/estudio-rrii\/?p=3144"},"modified":"2022-12-22T13:50:41","modified_gmt":"2022-12-22T16:50:41","slug":"yun-tso-lee-y-protestas-en-china-es-simbolo-de-que-sistema-politico-y-lo-que-pasa-en-la-sociedad-es-sano","status":"publish","type":"post","link":"https:\/\/gobierno.udd.cl\/estudio-rrii\/noticias\/2022\/12\/22\/yun-tso-lee-y-protestas-en-china-es-simbolo-de-que-sistema-politico-y-lo-que-pasa-en-la-sociedad-es-sano\/","title":{"rendered":"Yun Tso Lee y protestas en China: \u201cEs s\u00edmbolo de que sistema pol\u00edtico y lo que pasa en la sociedad es sano\u201d"},"content":{"rendered":"\n<p>El medio Emol TV le realiz\u00f3 una entrevista al Director del Centro de Estudios de Relaciones Internacionales de la Facultad de Gobierno UDD, Yun Tso Lee respecto a las protestas masivas que ha vivido China frente a su pol\u00edtica gubernamental \u201cCovid Cero\u201d. <\/p>\n\n\n\n<p>\u201cChina es un pa\u00eds que ha colocado a la persona en el centro de las pol\u00edticas p\u00fablicas\u201d, explic\u00f3 el Director al referirse a la percepci\u00f3n del comunismo existente en el gigante Asi\u00e1tico, el cual es dirigido por el Partido Comunista Chino y encabezado por el secretario general, Xi Jinping. Lo que ha sucedido en las \u00faltimas semanas comprende protestas violentas que nacieron en la mayor f\u00e1brica mundial iPhone&#8217;s \u2013la cual hab\u00eda sido confinada por medidas restrictivas contra la pandemia\u2013\u00a0 y se extendieron hasta las principales ciudades del pa\u00eds, cuestionando la libertad de expresi\u00f3n por la represi\u00f3n policial. Para Yun Tso Lee, existe un desconocimiento acerca de la responsabilidad que adjudican las autoridades chinas hacia los manifestantes, lo cual est\u00e1 fundamentado dentro de la propia Constituci\u00f3n del pa\u00eds. <\/p>\n\n\n\n<p>\u201cEn Chile hay m\u00e1s \u00e9nfasis en la libertad de expresi\u00f3n que en la responsabilidad que tienen los manifestantes frente a la sociedad, que es el caso de China\u201d, puntualiz\u00f3. Por otro lado, se abord\u00f3 la arista econ\u00f3mica de los sucesos, lo que deja al Covid-19 como el principal factor del descenso que logr\u00f3 que la tasa de crecimiento anual descendiera de un 9% a 3%. Adem\u00e1s de los efectos que pueden causar esta nueva ola de manifestaciones para el comercio. <\/p>\n\n\n\n<p>\u201cSin duda la pol\u00edtica covid cero le ha dado un duro golpe a la econom\u00eda china y los efectos se han hecho cada vez m\u00e1s evidentes\u201d, coment\u00f3 el Director mientras hac\u00eda alusi\u00f3n al sacrificio que hace tanto la institucionalidad como el pueblo chino. Por \u00faltimo analiz\u00f3 la complejidad del sistema econ\u00f3mico Chino, el cual coment\u00f3 que no puede ser implementado en ning\u00fan otro pa\u00eds por su protecci\u00f3n al libre comercio que contrastan sus apegos a tendencias socialistas de mercado. Para ver la entrevista completa, te invitamos a ver este <a href=\"https:\/\/tv.emol.com\/detail\/20221129135852294\/en-vivo-analista-yun-tso-lee-aborda-las-protestas-en-china\" target=\"_blank\" rel=\"noreferrer noopener\">link<\/a>.<\/p>\n\n\n\n<p><\/p>\n","protected":false},"excerpt":{"rendered":"<p>El medio Emol TV le realiz\u00f3 una entrevista al Director del Centro de Estudios de Relaciones Internacionales de la Facultad de Gobierno UDD, Yun Tso Lee respecto a las protestas masivas que ha vivido China frente a su pol\u00edtica gubernamental \u201cCovid Cero\u201d. \u201cChina es un pa\u00eds que ha colocado a la persona en el centro [&hellip;]<\/p>\n","protected":false},"author":9192237,"featured_media":3145,"comment_status":"open","ping_status":"open","sticky":false,"template":"","format":"standard","meta":{"footnotes":""},"categories":[11471,4],"tags":[],"class_list":["post-3144","post","type-post","status-publish","format-standard","has-post-thumbnail","hentry","category-ceri-en-la-prensa","category-noticias"],"featured_image_url":"https:\/\/gobierno.udd.cl\/estudio-rrii\/files\/2022\/12\/imagen-yun-tso-lee.png","_links":{"self":[{"href":"https:\/\/gobierno.udd.cl\/estudio-rrii\/wp-json\/wp\/v2\/posts\/3144","targetHints":{"allow":["GET"]}}],"collection":[{"href":"https:\/\/gobierno.udd.cl\/estudio-rrii\/wp-json\/wp\/v2\/posts"}],"about":[{"href":"https:\/\/gobierno.udd.cl\/estudio-rrii\/wp-json\/wp\/v2\/types\/post"}],"author":[{"embeddable":true,"href":"https:\/\/gobierno.udd.cl\/estudio-rrii\/wp-json\/wp\/v2\/users\/9192237"}],"replies":[{"embeddable":true,"href":"https:\/\/gobierno.udd.cl\/estudio-rrii\/wp-json\/wp\/v2\/comments?post=3144"}],"version-history":[{"count":1,"href":"https:\/\/gobierno.udd.cl\/estudio-rrii\/wp-json\/wp\/v2\/posts\/3144\/revisions"}],"predecessor-version":[{"id":3146,"href":"https:\/\/gobierno.udd.cl\/estudio-rrii\/wp-json\/wp\/v2\/posts\/3144\/revisions\/3146"}],"wp:featuredmedia":[{"embeddable":true,"href":"https:\/\/gobierno.udd.cl\/estudio-rrii\/wp-json\/wp\/v2\/media\/3145"}],"wp:attachment":[{"href":"https:\/\/gobierno.udd.cl\/estudio-rrii\/wp-json\/wp\/v2\/media?parent=3144"}],"wp:term":[{"taxonomy":"category","embeddable":true,"href":"https:\/\/gobierno.udd.cl\/estudio-rrii\/wp-json\/wp\/v2\/categories?post=3144"},{"taxonomy":"post_tag","embeddable":true,"href":"https:\/\/gobierno.udd.cl\/estudio-rrii\/wp-json\/wp\/v2\/tags?post=3144"}],"curies":[{"name":"wp","href":"https:\/\/api.w.org\/{rel}","templated":true}]}}