{"id":3137,"date":"2022-12-19T17:04:35","date_gmt":"2022-12-19T20:04:35","guid":{"rendered":"https:\/\/gobierno.udd.cl\/estudio-rrii\/?p=3137"},"modified":"2022-12-19T17:04:35","modified_gmt":"2022-12-19T20:04:35","slug":"facultad-de-gobierno-presenta-vision-estrategica-en-materia-de-ciberseguridad","status":"publish","type":"post","link":"https:\/\/gobierno.udd.cl\/estudio-rrii\/noticias\/2022\/12\/19\/facultad-de-gobierno-presenta-vision-estrategica-en-materia-de-ciberseguridad\/","title":{"rendered":"Facultad de Gobierno presenta visi\u00f3n estrat\u00e9gica en materia de ciberseguridad"},"content":{"rendered":"\n<p><em>La Ciberseguridad es un \u00e1rea que debe incorporarse de pleno en la pol\u00edtica p\u00fablica de Chile. En su af\u00e1n por contribuir a este proceso, la Facultad de Gobierno ha publicado su primer White Paper, el cual realiza un diagn\u00f3stico y plantea los lineamientos principales que se deben tener en cuenta para el desarrollo de pol\u00edticas p\u00fablicas en esta materia.<\/em><\/p>\n\n\n\n<p>Con participaci\u00f3n del senador Kenneth Pugh, la facultad de Gobierno ha publicado su primer <em>White Paper<\/em> relacionado con Ciberseguridad, que viene a complementar una exitosa l\u00ednea estrat\u00e9gica de trabajo para la UDD, que recientemente inaugur\u00f3 la sexta versi\u00f3n de su diplomado en la materia.<\/p>\n\n\n\n<p>El documento analiza el avance y masificaci\u00f3n de internet, adem\u00e1s de mostrar el diagn\u00f3stico nacional y propone principios rectores para avanzar en esta tem\u00e1tica tanto en el \u00e1rea t\u00e9cnica y legislativa como educacional.<\/p>\n\n\n\n<p>En el mundo es un tema de pol\u00edtica p\u00fablica y un \u00e1rea estrat\u00e9gica. <em>\u201cEl objetivo de este documento es llamar la atenci\u00f3n sobre la importancia que debe tener la Ciberseguridad en nuestro pa\u00eds desde el punto de vista de educacional, t\u00e9cnico, legislativo y cultural. Es un insumo donde se presenta una visi\u00f3n estrat\u00e9gica de c\u00f3mo avanzar en Ciberseguridad\u201d, <\/em>dice el decano de la Facultad, <strong>Eugenio Guzm\u00e1n<\/strong>.<\/p>\n\n\n\n<p>En el documento se presentan tres desaf\u00edos en Chile en Ciberseguridad. El primero es la confianza, un atributo que est\u00e1 en crisis en Chile y que es vital para el desarrollo digital de cualquier pa\u00eds para que se desarrollen \u00e1reas como el comercio electr\u00f3nico.<\/p>\n\n\n\n<p>Los valores universales y deberes digitales es el segundo desaf\u00edo y representan el conjunto de exigencias que se reclaman como parte del progreso de las sociedades.&nbsp; Tener normas y sanciones a aquellas normas y valores que se corrompen, es primordial para el desarrollo de ciberseguridad en cualquier naci\u00f3n. Aqu\u00ed entra tambi\u00e9n la educaci\u00f3n digital que debe promover la responsabilidad y conducto responsable y cautelosa de los usuarios. El tercer punto es la seguridad. En una econom\u00eda cada vez m\u00e1s digitalizada, el uso de datos y la anal\u00edtica se vuelven temas relevantes, dentro de los cuales destacan la seguridad y protecci\u00f3n de datos de los usuarios, de las empresas y del gobierno por la sensibilidad de estos. En la actualidad, el 67% de las empresas en Latinoam\u00e9rica no tienen responsables de ciberseguridad, lo que demuestra que esta situaci\u00f3n tiene un enfoque reactivo y no proactivo.<\/p>\n\n\n\n<p>El documento se refiere tambi\u00e9n a cinco principios rectores como la neutralidad tecnol\u00f3gica, la responsabilidad compartida, la colaboraci\u00f3n dentro de la competencia y con la autoridad y la ciberseguridad como desarrollo digital del pa\u00eds. Adem\u00e1s, plantea el panorama legislativo actual y la importancia de que aquellas leyes que est\u00e1n en el Congreso puedan tramitarse ya que el uso de la tecnolog\u00eda en la sociedad ha avanzado m\u00e1s r\u00e1pido que la legislaci\u00f3n y regulaci\u00f3n en esta materia.<\/p>\n\n\n\n<p>Puedes revisar el texto completo <a href=\"https:\/\/gobierno.udd.cl\/files\/2022\/12\/ciberseguridad-udd.pdf\" target=\"_blank\" rel=\"noreferrer noopener\">aqu\u00ed<\/a>.<\/p>\n","protected":false},"excerpt":{"rendered":"<p>La Ciberseguridad es un \u00e1rea que debe incorporarse de pleno en la pol\u00edtica p\u00fablica de Chile. En su af\u00e1n por contribuir a este proceso, la Facultad de Gobierno ha publicado su primer White Paper, el cual realiza un diagn\u00f3stico y plantea los lineamientos principales que se deben tener en cuenta para el desarrollo de pol\u00edticas [&hellip;]<\/p>\n","protected":false},"author":9192237,"featured_media":3139,"comment_status":"open","ping_status":"open","sticky":false,"template":"","format":"standard","meta":{"footnotes":""},"categories":[4],"tags":[4525,8101,4176],"class_list":["post-3137","post","type-post","status-publish","format-standard","has-post-thumbnail","hentry","category-noticias","tag-facultad-de-gobierno","tag-relaciones-internacionales","tag-udd"],"featured_image_url":"https:\/\/gobierno.udd.cl\/estudio-rrii\/files\/2022\/12\/ciberseguridad.jpg","_links":{"self":[{"href":"https:\/\/gobierno.udd.cl\/estudio-rrii\/wp-json\/wp\/v2\/posts\/3137","targetHints":{"allow":["GET"]}}],"collection":[{"href":"https:\/\/gobierno.udd.cl\/estudio-rrii\/wp-json\/wp\/v2\/posts"}],"about":[{"href":"https:\/\/gobierno.udd.cl\/estudio-rrii\/wp-json\/wp\/v2\/types\/post"}],"author":[{"embeddable":true,"href":"https:\/\/gobierno.udd.cl\/estudio-rrii\/wp-json\/wp\/v2\/users\/9192237"}],"replies":[{"embeddable":true,"href":"https:\/\/gobierno.udd.cl\/estudio-rrii\/wp-json\/wp\/v2\/comments?post=3137"}],"version-history":[{"count":1,"href":"https:\/\/gobierno.udd.cl\/estudio-rrii\/wp-json\/wp\/v2\/posts\/3137\/revisions"}],"predecessor-version":[{"id":3140,"href":"https:\/\/gobierno.udd.cl\/estudio-rrii\/wp-json\/wp\/v2\/posts\/3137\/revisions\/3140"}],"wp:featuredmedia":[{"embeddable":true,"href":"https:\/\/gobierno.udd.cl\/estudio-rrii\/wp-json\/wp\/v2\/media\/3139"}],"wp:attachment":[{"href":"https:\/\/gobierno.udd.cl\/estudio-rrii\/wp-json\/wp\/v2\/media?parent=3137"}],"wp:term":[{"taxonomy":"category","embeddable":true,"href":"https:\/\/gobierno.udd.cl\/estudio-rrii\/wp-json\/wp\/v2\/categories?post=3137"},{"taxonomy":"post_tag","embeddable":true,"href":"https:\/\/gobierno.udd.cl\/estudio-rrii\/wp-json\/wp\/v2\/tags?post=3137"}],"curies":[{"name":"wp","href":"https:\/\/api.w.org\/{rel}","templated":true}]}}