{"id":3114,"date":"2022-10-21T12:48:20","date_gmt":"2022-10-21T15:48:20","guid":{"rendered":"https:\/\/gobierno.udd.cl\/estudio-rrii\/?p=3114"},"modified":"2022-10-21T12:48:21","modified_gmt":"2022-10-21T15:48:21","slug":"conversamos-con-el-embajador-de-china-sobre-las-claves-de-la-diplomacia-con-chile","status":"publish","type":"post","link":"https:\/\/gobierno.udd.cl\/estudio-rrii\/noticias\/2022\/10\/21\/conversamos-con-el-embajador-de-china-sobre-las-claves-de-la-diplomacia-con-chile\/","title":{"rendered":"Conversamos con el embajador de China sobre las claves de la diplomacia con Chile"},"content":{"rendered":"\n<figure class=\"wp-block-gallery has-nested-images columns-default is-cropped wp-block-gallery-1 is-layout-flex wp-block-gallery-is-layout-flex\">\n<figure class=\"wp-block-image size-large\"><a href=\"https:\/\/gobierno.udd.cl\/estudio-rrii\/files\/2022\/10\/embajador-china-3.jpeg\"><img loading=\"lazy\" decoding=\"async\" width=\"1024\" height=\"786\" data-id=\"3117\" src=\"https:\/\/gobierno.udd.cl\/estudio-rrii\/files\/2022\/10\/embajador-china-3-1024x786.jpeg\" alt=\"\" class=\"wp-image-3117\" srcset=\"https:\/\/gobierno.udd.cl\/estudio-rrii\/files\/2022\/10\/embajador-china-3-1024x786.jpeg 1024w, https:\/\/gobierno.udd.cl\/estudio-rrii\/files\/2022\/10\/embajador-china-3-300x230.jpeg 300w, https:\/\/gobierno.udd.cl\/estudio-rrii\/files\/2022\/10\/embajador-china-3-768x590.jpeg 768w, https:\/\/gobierno.udd.cl\/estudio-rrii\/files\/2022\/10\/embajador-china-3-182x140.jpeg 182w, https:\/\/gobierno.udd.cl\/estudio-rrii\/files\/2022\/10\/embajador-china-3.jpeg 1305w\" sizes=\"auto, (max-width: 1024px) 100vw, 1024px\" \/><\/a><\/figure>\n\n\n\n<figure class=\"wp-block-image size-large\"><a href=\"https:\/\/gobierno.udd.cl\/estudio-rrii\/files\/2022\/10\/embajador-china-2.jpeg\"><img loading=\"lazy\" decoding=\"async\" width=\"1024\" height=\"768\" data-id=\"3116\" src=\"https:\/\/gobierno.udd.cl\/estudio-rrii\/files\/2022\/10\/embajador-china-2-1024x768.jpeg\" alt=\"\" class=\"wp-image-3116\" srcset=\"https:\/\/gobierno.udd.cl\/estudio-rrii\/files\/2022\/10\/embajador-china-2-1024x768.jpeg 1024w, https:\/\/gobierno.udd.cl\/estudio-rrii\/files\/2022\/10\/embajador-china-2-300x225.jpeg 300w, https:\/\/gobierno.udd.cl\/estudio-rrii\/files\/2022\/10\/embajador-china-2-768x576.jpeg 768w, https:\/\/gobierno.udd.cl\/estudio-rrii\/files\/2022\/10\/embajador-china-2-1536x1152.jpeg 1536w, https:\/\/gobierno.udd.cl\/estudio-rrii\/files\/2022\/10\/embajador-china-2.jpeg 1600w\" sizes=\"auto, (max-width: 1024px) 100vw, 1024px\" \/><\/a><\/figure>\n\n\n\n<figure class=\"wp-block-image size-large\"><a href=\"https:\/\/gobierno.udd.cl\/estudio-rrii\/files\/2022\/10\/embajador-china-1.jpeg\"><img loading=\"lazy\" decoding=\"async\" width=\"1024\" height=\"768\" data-id=\"3118\" src=\"https:\/\/gobierno.udd.cl\/estudio-rrii\/files\/2022\/10\/embajador-china-1-1024x768.jpeg\" alt=\"\" class=\"wp-image-3118\" srcset=\"https:\/\/gobierno.udd.cl\/estudio-rrii\/files\/2022\/10\/embajador-china-1-1024x768.jpeg 1024w, https:\/\/gobierno.udd.cl\/estudio-rrii\/files\/2022\/10\/embajador-china-1-300x225.jpeg 300w, https:\/\/gobierno.udd.cl\/estudio-rrii\/files\/2022\/10\/embajador-china-1-768x576.jpeg 768w, https:\/\/gobierno.udd.cl\/estudio-rrii\/files\/2022\/10\/embajador-china-1-1536x1152.jpeg 1536w, https:\/\/gobierno.udd.cl\/estudio-rrii\/files\/2022\/10\/embajador-china-1.jpeg 1600w\" sizes=\"auto, (max-width: 1024px) 100vw, 1024px\" \/><\/a><\/figure>\n<\/figure>\n\n\n\n<p>El embajador de China, Niu Qingbao, particip\u00f3 en la charla <strong>\u201cInnovaci\u00f3n, Cooperaci\u00f3n e Inversi\u00f3n: China en Am\u00e9rica Latina<\/strong>\u201d, organizada por el Centro de Estudios de Relaciones Internacionales de la Facultad de Gobierno de la Universidad del Desarrollo.<\/p>\n\n\n\n<p>Con la asistencia y participaci\u00f3n de estudiantes, se expusieron los pilares esenciales para alcanzar relaciones multilaterales fruct\u00edferas entre diferentes pa\u00edses, tal como Qingdao expres\u00f3 que se ha logrado con la regi\u00f3n sur del continente americano.<\/p>\n\n\n\n<p>\u201cEl v\u00ednculo de Chile con China no es solo comercial. Se trata de fortalecer bienes y servicios, el movimiento de personas e intercambio de culturas\u201d, coment\u00f3 el embajador al hacer alusi\u00f3n a los m\u00e1s de&nbsp;50 a\u00f1os de acuerdos diplom\u00e1ticos que tiene el territorio chileno con el gigante asi\u00e1tico.<\/p>\n\n\n\n<p>Qingdao se\u00f1al\u00f3 que, para alcanzar un nivel de diplomacia admirable, tal como se ha hecho con Chile y China, los gobernantes deben tener las mismas aspiraciones de seguridad internacional, desarrollo abierto e inclusivo y una iniciativa sustentable dentro de sus ideales: \u201cLa globalizaci\u00f3n, el verdadero multilateralismo y la igualdad son las nuevas formas de gobernar\u201d.&nbsp;<\/p>\n\n\n\n<p>Adem\u00e1s, abord\u00f3 la celebraci\u00f3n del Congreso Nacional del Partido Comunista Chino, instancia de reuni\u00f3n entre delegados gubernamentales, que se lleva a cabo cada cinco a\u00f1os para nombrar nuevos l\u00edderes, discutir la constituci\u00f3n del partido y establecer una nueva agenda pol\u00edtica.<\/p>\n\n\n\n<h4 class=\"wp-block-heading\"><strong>Para m\u00e1s detalles, te invitamos a revisar el conversatorio completo<\/strong><\/h4>\n\n\n<p><iframe loading=\"lazy\" title=\"Conversatorio | Innovaci\u00f3n, cooperaci\u00f3n e inversi\u00f3n: China en Am\u00e9rica Latina\" width=\"500\" height=\"281\" src=\"https:\/\/www.youtube.com\/embed\/VSQw6H-84Tk?start=123&#038;feature=oembed\" frameborder=\"0\" allow=\"accelerometer; autoplay; clipboard-write; encrypted-media; gyroscope; picture-in-picture; web-share\" referrerpolicy=\"strict-origin-when-cross-origin\" allowfullscreen><\/iframe><\/p>","protected":false},"excerpt":{"rendered":"<p>El embajador de China, Niu Qingbao, particip\u00f3 en la charla \u201cInnovaci\u00f3n, Cooperaci\u00f3n e Inversi\u00f3n: China en Am\u00e9rica Latina\u201d, organizada por el Centro de Estudios de Relaciones Internacionales de la Facultad de Gobierno de la Universidad del Desarrollo. Con la asistencia y participaci\u00f3n de estudiantes, se expusieron los pilares esenciales para alcanzar relaciones multilaterales fruct\u00edferas entre [&hellip;]<\/p>\n","protected":false},"author":22,"featured_media":3119,"comment_status":"open","ping_status":"open","sticky":false,"template":"","format":"standard","meta":{"footnotes":""},"categories":[4],"tags":[],"class_list":["post-3114","post","type-post","status-publish","format-standard","has-post-thumbnail","hentry","category-noticias"],"featured_image_url":"https:\/\/gobierno.udd.cl\/estudio-rrii\/files\/2022\/10\/logos-medios.png","_links":{"self":[{"href":"https:\/\/gobierno.udd.cl\/estudio-rrii\/wp-json\/wp\/v2\/posts\/3114","targetHints":{"allow":["GET"]}}],"collection":[{"href":"https:\/\/gobierno.udd.cl\/estudio-rrii\/wp-json\/wp\/v2\/posts"}],"about":[{"href":"https:\/\/gobierno.udd.cl\/estudio-rrii\/wp-json\/wp\/v2\/types\/post"}],"author":[{"embeddable":true,"href":"https:\/\/gobierno.udd.cl\/estudio-rrii\/wp-json\/wp\/v2\/users\/22"}],"replies":[{"embeddable":true,"href":"https:\/\/gobierno.udd.cl\/estudio-rrii\/wp-json\/wp\/v2\/comments?post=3114"}],"version-history":[{"count":1,"href":"https:\/\/gobierno.udd.cl\/estudio-rrii\/wp-json\/wp\/v2\/posts\/3114\/revisions"}],"predecessor-version":[{"id":3120,"href":"https:\/\/gobierno.udd.cl\/estudio-rrii\/wp-json\/wp\/v2\/posts\/3114\/revisions\/3120"}],"wp:featuredmedia":[{"embeddable":true,"href":"https:\/\/gobierno.udd.cl\/estudio-rrii\/wp-json\/wp\/v2\/media\/3119"}],"wp:attachment":[{"href":"https:\/\/gobierno.udd.cl\/estudio-rrii\/wp-json\/wp\/v2\/media?parent=3114"}],"wp:term":[{"taxonomy":"category","embeddable":true,"href":"https:\/\/gobierno.udd.cl\/estudio-rrii\/wp-json\/wp\/v2\/categories?post=3114"},{"taxonomy":"post_tag","embeddable":true,"href":"https:\/\/gobierno.udd.cl\/estudio-rrii\/wp-json\/wp\/v2\/tags?post=3114"}],"curies":[{"name":"wp","href":"https:\/\/api.w.org\/{rel}","templated":true}]}}