{"id":3062,"date":"2022-08-12T14:49:20","date_gmt":"2022-08-12T18:49:20","guid":{"rendered":"http:\/\/gobierno.udd.cl\/estudio-rrii\/?p=3062"},"modified":"2022-09-01T13:31:00","modified_gmt":"2022-09-01T17:31:00","slug":"conversamos-con-el-embajador-de-canada-sobre-el-panorama-actual-de-la-politica-exterior-con-chile","status":"publish","type":"post","link":"https:\/\/gobierno.udd.cl\/estudio-rrii\/noticias\/2022\/08\/12\/conversamos-con-el-embajador-de-canada-sobre-el-panorama-actual-de-la-politica-exterior-con-chile\/","title":{"rendered":"Conversamos con el embajador de Canad\u00e1 sobre el panorama actual de la pol\u00edtica exterior con Chile"},"content":{"rendered":"\n<figure class=\"wp-block-gallery columns-4 is-cropped wp-block-gallery-1 is-layout-flex wp-block-gallery-is-layout-flex\"><ul class=\"blocks-gallery-grid\"><li class=\"blocks-gallery-item\"><figure><img loading=\"lazy\" decoding=\"async\" width=\"1024\" height=\"746\" src=\"https:\/\/gobierno.udd.cl\/estudio-rrii\/files\/2022\/08\/Embajador-2-1024x746.jpg\" alt=\"\" data-id=\"3064\" data-full-url=\"https:\/\/gobierno.udd.cl\/estudio-rrii\/files\/2022\/08\/Embajador-2.jpg\" data-link=\"https:\/\/gobierno.udd.cl\/estudio-rrii\/?attachment_id=3064\" class=\"wp-image-3064\" srcset=\"https:\/\/gobierno.udd.cl\/estudio-rrii\/files\/2022\/08\/Embajador-2-1024x746.jpg 1024w, https:\/\/gobierno.udd.cl\/estudio-rrii\/files\/2022\/08\/Embajador-2-300x219.jpg 300w, https:\/\/gobierno.udd.cl\/estudio-rrii\/files\/2022\/08\/Embajador-2-768x560.jpg 768w, https:\/\/gobierno.udd.cl\/estudio-rrii\/files\/2022\/08\/Embajador-2-87x62.jpg 87w, https:\/\/gobierno.udd.cl\/estudio-rrii\/files\/2022\/08\/Embajador-2-1536x1119.jpg 1536w, https:\/\/gobierno.udd.cl\/estudio-rrii\/files\/2022\/08\/Embajador-2.jpg 1600w\" sizes=\"auto, (max-width: 1024px) 100vw, 1024px\" \/><\/figure><\/li><li class=\"blocks-gallery-item\"><figure><img loading=\"lazy\" decoding=\"async\" width=\"1024\" height=\"768\" src=\"https:\/\/gobierno.udd.cl\/estudio-rrii\/files\/2022\/08\/Embajador-3-1024x768.jpg\" alt=\"\" data-id=\"3065\" data-full-url=\"https:\/\/gobierno.udd.cl\/estudio-rrii\/files\/2022\/08\/Embajador-3.jpg\" data-link=\"https:\/\/gobierno.udd.cl\/estudio-rrii\/?attachment_id=3065\" class=\"wp-image-3065\" srcset=\"https:\/\/gobierno.udd.cl\/estudio-rrii\/files\/2022\/08\/Embajador-3-1024x768.jpg 1024w, https:\/\/gobierno.udd.cl\/estudio-rrii\/files\/2022\/08\/Embajador-3-300x225.jpg 300w, https:\/\/gobierno.udd.cl\/estudio-rrii\/files\/2022\/08\/Embajador-3-768x576.jpg 768w, https:\/\/gobierno.udd.cl\/estudio-rrii\/files\/2022\/08\/Embajador-3-1536x1152.jpg 1536w, https:\/\/gobierno.udd.cl\/estudio-rrii\/files\/2022\/08\/Embajador-3.jpg 1600w\" sizes=\"auto, (max-width: 1024px) 100vw, 1024px\" \/><\/figure><\/li><li class=\"blocks-gallery-item\"><figure><img loading=\"lazy\" decoding=\"async\" width=\"1024\" height=\"768\" src=\"https:\/\/gobierno.udd.cl\/estudio-rrii\/files\/2022\/08\/Embajador-5.jpg\" alt=\"\" data-id=\"3067\" data-full-url=\"https:\/\/gobierno.udd.cl\/estudio-rrii\/files\/2022\/08\/Embajador-5.jpg\" data-link=\"https:\/\/gobierno.udd.cl\/estudio-rrii\/?attachment_id=3067\" class=\"wp-image-3067\" srcset=\"https:\/\/gobierno.udd.cl\/estudio-rrii\/files\/2022\/08\/Embajador-5.jpg 1024w, https:\/\/gobierno.udd.cl\/estudio-rrii\/files\/2022\/08\/Embajador-5-300x225.jpg 300w, https:\/\/gobierno.udd.cl\/estudio-rrii\/files\/2022\/08\/Embajador-5-768x576.jpg 768w\" sizes=\"auto, (max-width: 1024px) 100vw, 1024px\" \/><\/figure><\/li><li class=\"blocks-gallery-item\"><figure><img loading=\"lazy\" decoding=\"async\" width=\"1024\" height=\"768\" src=\"https:\/\/gobierno.udd.cl\/estudio-rrii\/files\/2022\/08\/Embajador-4.jpg\" alt=\"\" data-id=\"3066\" data-full-url=\"https:\/\/gobierno.udd.cl\/estudio-rrii\/files\/2022\/08\/Embajador-4.jpg\" data-link=\"https:\/\/gobierno.udd.cl\/estudio-rrii\/?attachment_id=3066\" class=\"wp-image-3066\" srcset=\"https:\/\/gobierno.udd.cl\/estudio-rrii\/files\/2022\/08\/Embajador-4.jpg 1024w, https:\/\/gobierno.udd.cl\/estudio-rrii\/files\/2022\/08\/Embajador-4-300x225.jpg 300w, https:\/\/gobierno.udd.cl\/estudio-rrii\/files\/2022\/08\/Embajador-4-768x576.jpg 768w\" sizes=\"auto, (max-width: 1024px) 100vw, 1024px\" \/><\/figure><\/li><\/ul><\/figure>\n\n\n\n<p>El Centro de Estudios de Relaciones Internacionales de la Facultad de Gobierno organiz\u00f3 el conversatorio <strong>\u00abDesaf\u00edos y oportunidades de la pol\u00edtica canadiense: comercio inclusivo, g\u00e9nero y medioambiente\u00bb<\/strong>, moderado por el investigador y docente, Juan Pablo Sims.  <\/p>\n\n\n\n<p>En una conversaci\u00f3n cercana con los estudiantes, Michael Gort, embajador canadiense en Chile, explic\u00f3 su rol, despertando inter\u00e9s en las personas que quieren seguir el camino diplom\u00e1tico. Tambi\u00e9n destac\u00f3 el multilateralismo y su importancia en temas como la pandemia, cambio clim\u00e1tico, migraci\u00f3n y desarrollo de nuevas tecnolog\u00edas aceleradas por el COVID 19.  <\/p>\n\n\n\n<p>En relaci\u00f3n a diversidad e igualdad de g\u00e9nero, Gort plante\u00f3 dos ejemplos concretos que impuls\u00f3 Canad\u00e1: gabinete paritario y representaci\u00f3n femenina en cargos pol\u00edticos, explicando que <em>\u00abel 50% de nuestros embajadores son mujeres\u00bb<\/em> ; y la creaci\u00f3n de la herramienta <em>Gender-based An\u00e1lisis Plus<\/em> (GBA Plus) para medir el impacto de las pol\u00edticas relacionadas a este tema. <\/p>\n\n\n\n<p>Ante la pregunta, \u00bfqu\u00e9 desaf\u00edos y oportunidades hay entre Chile y Canad\u00e1?, el embajador destac\u00f3 los 80 a\u00f1os de relaciones diplom\u00e1ticas y los 25 del Tratado de Libre Comercio (TLC). \u00abVeo m\u00e1s oportunidades que desaf\u00edos. Canad\u00e1 es el segundo pa\u00eds con mayores inversionista en Chile\u00bb, puntualiz\u00f3.  <\/p>\n\n\n\n<p>Para m\u00e1s detalles, te invitamos a revisar el conversatorio completo.<\/p>\n\n\n<p><iframe loading=\"lazy\" title=\"Desaf\u00edos y oportunidades de la pol\u00edtica canadiense: Comercio inclusivo, g\u00e9nero y medioambiente\" width=\"500\" height=\"281\" src=\"https:\/\/www.youtube.com\/embed\/y1THi-wx3oo?start=565&#038;feature=oembed\" frameborder=\"0\" allow=\"accelerometer; autoplay; clipboard-write; encrypted-media; gyroscope; picture-in-picture; web-share\" referrerpolicy=\"strict-origin-when-cross-origin\" allowfullscreen><\/iframe><\/p>","protected":false},"excerpt":{"rendered":"<p>El Centro de Estudios de Relaciones Internacionales de la Facultad de Gobierno organiz\u00f3 el conversatorio \u00abDesaf\u00edos y oportunidades de la pol\u00edtica canadiense: comercio inclusivo, g\u00e9nero y medioambiente\u00bb, moderado por el investigador y docente, Juan Pablo Sims. En una conversaci\u00f3n cercana con los estudiantes, Michael Gort, embajador canadiense en Chile, explic\u00f3 su rol, despertando inter\u00e9s en [&hellip;]<\/p>\n","protected":false},"author":22,"featured_media":3063,"comment_status":"open","ping_status":"open","sticky":false,"template":"","format":"standard","meta":{"footnotes":""},"categories":[4],"tags":[],"class_list":["post-3062","post","type-post","status-publish","format-standard","has-post-thumbnail","hentry","category-noticias"],"featured_image_url":"https:\/\/gobierno.udd.cl\/estudio-rrii\/files\/2022\/08\/Logos-medios.png","_links":{"self":[{"href":"https:\/\/gobierno.udd.cl\/estudio-rrii\/wp-json\/wp\/v2\/posts\/3062","targetHints":{"allow":["GET"]}}],"collection":[{"href":"https:\/\/gobierno.udd.cl\/estudio-rrii\/wp-json\/wp\/v2\/posts"}],"about":[{"href":"https:\/\/gobierno.udd.cl\/estudio-rrii\/wp-json\/wp\/v2\/types\/post"}],"author":[{"embeddable":true,"href":"https:\/\/gobierno.udd.cl\/estudio-rrii\/wp-json\/wp\/v2\/users\/22"}],"replies":[{"embeddable":true,"href":"https:\/\/gobierno.udd.cl\/estudio-rrii\/wp-json\/wp\/v2\/comments?post=3062"}],"version-history":[{"count":13,"href":"https:\/\/gobierno.udd.cl\/estudio-rrii\/wp-json\/wp\/v2\/posts\/3062\/revisions"}],"predecessor-version":[{"id":3111,"href":"https:\/\/gobierno.udd.cl\/estudio-rrii\/wp-json\/wp\/v2\/posts\/3062\/revisions\/3111"}],"wp:featuredmedia":[{"embeddable":true,"href":"https:\/\/gobierno.udd.cl\/estudio-rrii\/wp-json\/wp\/v2\/media\/3063"}],"wp:attachment":[{"href":"https:\/\/gobierno.udd.cl\/estudio-rrii\/wp-json\/wp\/v2\/media?parent=3062"}],"wp:term":[{"taxonomy":"category","embeddable":true,"href":"https:\/\/gobierno.udd.cl\/estudio-rrii\/wp-json\/wp\/v2\/categories?post=3062"},{"taxonomy":"post_tag","embeddable":true,"href":"https:\/\/gobierno.udd.cl\/estudio-rrii\/wp-json\/wp\/v2\/tags?post=3062"}],"curies":[{"name":"wp","href":"https:\/\/api.w.org\/{rel}","templated":true}]}}