{"id":3043,"date":"2022-05-25T11:17:00","date_gmt":"2022-05-25T15:17:00","guid":{"rendered":"http:\/\/gobierno.udd.cl\/estudio-rrii\/?p=3043"},"modified":"2022-08-05T11:24:41","modified_gmt":"2022-08-05T15:24:41","slug":"conversamos-de-politica-comercial-junto-al-embajador-de-australia","status":"publish","type":"post","link":"https:\/\/gobierno.udd.cl\/estudio-rrii\/noticias\/2022\/05\/25\/conversamos-de-politica-comercial-junto-al-embajador-de-australia\/","title":{"rendered":"Conversamos de pol\u00edtica comercial junto al embajador de Australia"},"content":{"rendered":"\n<p>El Centro de Estudios de Relaciones Internacionales de la Facultad de Gobierno organiz\u00f3 el conversatorio&nbsp;<strong>\u00abChile and Australia: Trading experiences\u00bb<\/strong>&nbsp;para analizar la pol\u00edtica comercial entre ambos pa\u00edses.<\/p>\n\n\n\n<p>El invitado fue Todd Mercer, embajador de Australia, quien destac\u00f3 la relaci\u00f3n que ha tenido el consulado con el Gobierno de Gabriel Boric, y el dilema sobre democracia y pol\u00edtica exterior, haciendo hincapi\u00e9 en la relevancia de escuchar a la sociedad civil.<\/p>\n\n\n\n<p>Mercer tambi\u00e9n resalt\u00f3 las oportunidades de utilizar a Chile como Hub para inversiones, y potenciales encadenamientos productivos entre ambas naciones.<\/p>\n\n\n\n<p>La actividad, realizada en ingl\u00e9s, fue moderada por el investigador y docente de la Facultad de Gobierno, Juan Pablo Sims, y cont\u00f3 con la participaci\u00f3n de los y las estudiantes del ramo Global Trends de Periodismo.<\/p>\n\n\n\n<figure class=\"wp-block-gallery columns-3 is-cropped wp-block-gallery-1 is-layout-flex wp-block-gallery-is-layout-flex\"><ul class=\"blocks-gallery-grid\"><li class=\"blocks-gallery-item\"><figure><img loading=\"lazy\" decoding=\"async\" width=\"1024\" height=\"503\" src=\"https:\/\/gobierno.udd.cl\/estudio-rrii\/files\/2022\/08\/Australia_and_Chile__-4329-1024x503.jpg\" alt=\"\" data-id=\"3049\" data-full-url=\"https:\/\/gobierno.udd.cl\/estudio-rrii\/files\/2022\/08\/Australia_and_Chile__-4329.jpg\" data-link=\"http:\/\/gobierno.udd.cl\/estudio-rrii\/noticias\/2022\/05\/25\/conversamos-de-politica-comercial-junto-al-embajador-de-australia\/australia-and-chile-5\/\" class=\"wp-image-3049\" srcset=\"https:\/\/gobierno.udd.cl\/estudio-rrii\/files\/2022\/08\/Australia_and_Chile__-4329-1024x503.jpg 1024w, https:\/\/gobierno.udd.cl\/estudio-rrii\/files\/2022\/08\/Australia_and_Chile__-4329-300x147.jpg 300w, https:\/\/gobierno.udd.cl\/estudio-rrii\/files\/2022\/08\/Australia_and_Chile__-4329-768x377.jpg 768w, https:\/\/gobierno.udd.cl\/estudio-rrii\/files\/2022\/08\/Australia_and_Chile__-4329-1536x754.jpg 1536w, https:\/\/gobierno.udd.cl\/estudio-rrii\/files\/2022\/08\/Australia_and_Chile__-4329.jpg 1920w\" sizes=\"auto, (max-width: 1024px) 100vw, 1024px\" \/><\/figure><\/li><li class=\"blocks-gallery-item\"><figure><img loading=\"lazy\" decoding=\"async\" width=\"1024\" height=\"683\" src=\"https:\/\/gobierno.udd.cl\/estudio-rrii\/files\/2022\/08\/Australia_and_Chile__-4281-1024x683.jpg\" alt=\"\" data-id=\"3048\" data-full-url=\"https:\/\/gobierno.udd.cl\/estudio-rrii\/files\/2022\/08\/Australia_and_Chile__-4281.jpg\" data-link=\"http:\/\/gobierno.udd.cl\/estudio-rrii\/noticias\/2022\/05\/25\/conversamos-de-politica-comercial-junto-al-embajador-de-australia\/australia-and-chile-4\/\" class=\"wp-image-3048\" srcset=\"https:\/\/gobierno.udd.cl\/estudio-rrii\/files\/2022\/08\/Australia_and_Chile__-4281-1024x683.jpg 1024w, https:\/\/gobierno.udd.cl\/estudio-rrii\/files\/2022\/08\/Australia_and_Chile__-4281-300x200.jpg 300w, https:\/\/gobierno.udd.cl\/estudio-rrii\/files\/2022\/08\/Australia_and_Chile__-4281-768x512.jpg 768w, https:\/\/gobierno.udd.cl\/estudio-rrii\/files\/2022\/08\/Australia_and_Chile__-4281-1536x1024.jpg 1536w, https:\/\/gobierno.udd.cl\/estudio-rrii\/files\/2022\/08\/Australia_and_Chile__-4281.jpg 1620w\" sizes=\"auto, (max-width: 1024px) 100vw, 1024px\" \/><\/figure><\/li><li class=\"blocks-gallery-item\"><figure><img loading=\"lazy\" decoding=\"async\" width=\"1024\" height=\"683\" src=\"https:\/\/gobierno.udd.cl\/estudio-rrii\/files\/2022\/08\/Australia_and_Chile__-4301-1024x683.jpg\" alt=\"\" data-id=\"3047\" data-full-url=\"https:\/\/gobierno.udd.cl\/estudio-rrii\/files\/2022\/08\/Australia_and_Chile__-4301.jpg\" data-link=\"http:\/\/gobierno.udd.cl\/estudio-rrii\/noticias\/2022\/05\/25\/conversamos-de-politica-comercial-junto-al-embajador-de-australia\/australia-and-chile-3\/\" class=\"wp-image-3047\" srcset=\"https:\/\/gobierno.udd.cl\/estudio-rrii\/files\/2022\/08\/Australia_and_Chile__-4301-1024x683.jpg 1024w, https:\/\/gobierno.udd.cl\/estudio-rrii\/files\/2022\/08\/Australia_and_Chile__-4301-300x200.jpg 300w, https:\/\/gobierno.udd.cl\/estudio-rrii\/files\/2022\/08\/Australia_and_Chile__-4301-768x512.jpg 768w, https:\/\/gobierno.udd.cl\/estudio-rrii\/files\/2022\/08\/Australia_and_Chile__-4301-1536x1024.jpg 1536w, https:\/\/gobierno.udd.cl\/estudio-rrii\/files\/2022\/08\/Australia_and_Chile__-4301.jpg 1620w\" sizes=\"auto, (max-width: 1024px) 100vw, 1024px\" \/><\/figure><\/li><li class=\"blocks-gallery-item\"><figure><img loading=\"lazy\" decoding=\"async\" width=\"1024\" height=\"683\" src=\"https:\/\/gobierno.udd.cl\/estudio-rrii\/files\/2022\/08\/Australia_and_Chile__-4263-1024x683.jpg\" alt=\"\" data-id=\"3046\" data-full-url=\"https:\/\/gobierno.udd.cl\/estudio-rrii\/files\/2022\/08\/Australia_and_Chile__-4263.jpg\" data-link=\"http:\/\/gobierno.udd.cl\/estudio-rrii\/noticias\/2022\/05\/25\/conversamos-de-politica-comercial-junto-al-embajador-de-australia\/australia-and-chile-2\/\" class=\"wp-image-3046\" srcset=\"https:\/\/gobierno.udd.cl\/estudio-rrii\/files\/2022\/08\/Australia_and_Chile__-4263-1024x683.jpg 1024w, https:\/\/gobierno.udd.cl\/estudio-rrii\/files\/2022\/08\/Australia_and_Chile__-4263-300x200.jpg 300w, https:\/\/gobierno.udd.cl\/estudio-rrii\/files\/2022\/08\/Australia_and_Chile__-4263-768x512.jpg 768w, https:\/\/gobierno.udd.cl\/estudio-rrii\/files\/2022\/08\/Australia_and_Chile__-4263-1536x1024.jpg 1536w, https:\/\/gobierno.udd.cl\/estudio-rrii\/files\/2022\/08\/Australia_and_Chile__-4263.jpg 1620w\" sizes=\"auto, (max-width: 1024px) 100vw, 1024px\" \/><\/figure><\/li><li class=\"blocks-gallery-item\"><figure><img loading=\"lazy\" decoding=\"async\" width=\"1024\" height=\"683\" src=\"https:\/\/gobierno.udd.cl\/estudio-rrii\/files\/2022\/08\/Australia_and_Chile__-4218-1024x683.jpg\" alt=\"\" data-id=\"3045\" data-full-url=\"https:\/\/gobierno.udd.cl\/estudio-rrii\/files\/2022\/08\/Australia_and_Chile__-4218.jpg\" data-link=\"http:\/\/gobierno.udd.cl\/estudio-rrii\/noticias\/2022\/05\/25\/conversamos-de-politica-comercial-junto-al-embajador-de-australia\/australia-and-chile\/\" class=\"wp-image-3045\" srcset=\"https:\/\/gobierno.udd.cl\/estudio-rrii\/files\/2022\/08\/Australia_and_Chile__-4218-1024x683.jpg 1024w, https:\/\/gobierno.udd.cl\/estudio-rrii\/files\/2022\/08\/Australia_and_Chile__-4218-300x200.jpg 300w, https:\/\/gobierno.udd.cl\/estudio-rrii\/files\/2022\/08\/Australia_and_Chile__-4218-768x512.jpg 768w, https:\/\/gobierno.udd.cl\/estudio-rrii\/files\/2022\/08\/Australia_and_Chile__-4218-1536x1024.jpg 1536w, https:\/\/gobierno.udd.cl\/estudio-rrii\/files\/2022\/08\/Australia_and_Chile__-4218.jpg 1620w\" sizes=\"auto, (max-width: 1024px) 100vw, 1024px\" \/><\/figure><\/li><\/ul><\/figure>\n\n\n<p><iframe loading=\"lazy\" title=\"Charla | Australia and Chile: Trading experiences\" width=\"500\" height=\"281\" src=\"https:\/\/www.youtube.com\/embed\/Fdb2O0nLFfM?start=445&#038;feature=oembed\" frameborder=\"0\" allow=\"accelerometer; autoplay; clipboard-write; encrypted-media; gyroscope; picture-in-picture; web-share\" referrerpolicy=\"strict-origin-when-cross-origin\" allowfullscreen><\/iframe><\/p>","protected":false},"excerpt":{"rendered":"<p>El Centro de Estudios de Relaciones Internacionales de la Facultad de Gobierno organiz\u00f3 el conversatorio&nbsp;\u00abChile and Australia: Trading experiences\u00bb&nbsp;para analizar la pol\u00edtica comercial entre ambos pa\u00edses. El invitado fue Todd Mercer, embajador de Australia, quien destac\u00f3 la relaci\u00f3n que ha tenido el consulado con el Gobierno de Gabriel Boric, y el dilema sobre democracia y [&hellip;]<\/p>\n","protected":false},"author":22,"featured_media":3055,"comment_status":"open","ping_status":"open","sticky":false,"template":"","format":"standard","meta":{"footnotes":""},"categories":[4],"tags":[],"class_list":["post-3043","post","type-post","status-publish","format-standard","has-post-thumbnail","hentry","category-noticias"],"featured_image_url":"https:\/\/gobierno.udd.cl\/estudio-rrii\/files\/2022\/05\/Logos-medios.png","_links":{"self":[{"href":"https:\/\/gobierno.udd.cl\/estudio-rrii\/wp-json\/wp\/v2\/posts\/3043","targetHints":{"allow":["GET"]}}],"collection":[{"href":"https:\/\/gobierno.udd.cl\/estudio-rrii\/wp-json\/wp\/v2\/posts"}],"about":[{"href":"https:\/\/gobierno.udd.cl\/estudio-rrii\/wp-json\/wp\/v2\/types\/post"}],"author":[{"embeddable":true,"href":"https:\/\/gobierno.udd.cl\/estudio-rrii\/wp-json\/wp\/v2\/users\/22"}],"replies":[{"embeddable":true,"href":"https:\/\/gobierno.udd.cl\/estudio-rrii\/wp-json\/wp\/v2\/comments?post=3043"}],"version-history":[{"count":5,"href":"https:\/\/gobierno.udd.cl\/estudio-rrii\/wp-json\/wp\/v2\/posts\/3043\/revisions"}],"predecessor-version":[{"id":3056,"href":"https:\/\/gobierno.udd.cl\/estudio-rrii\/wp-json\/wp\/v2\/posts\/3043\/revisions\/3056"}],"wp:featuredmedia":[{"embeddable":true,"href":"https:\/\/gobierno.udd.cl\/estudio-rrii\/wp-json\/wp\/v2\/media\/3055"}],"wp:attachment":[{"href":"https:\/\/gobierno.udd.cl\/estudio-rrii\/wp-json\/wp\/v2\/media?parent=3043"}],"wp:term":[{"taxonomy":"category","embeddable":true,"href":"https:\/\/gobierno.udd.cl\/estudio-rrii\/wp-json\/wp\/v2\/categories?post=3043"},{"taxonomy":"post_tag","embeddable":true,"href":"https:\/\/gobierno.udd.cl\/estudio-rrii\/wp-json\/wp\/v2\/tags?post=3043"}],"curies":[{"name":"wp","href":"https:\/\/api.w.org\/{rel}","templated":true}]}}