{"id":2933,"date":"2019-10-01T09:41:57","date_gmt":"2019-10-01T12:41:57","guid":{"rendered":"http:\/\/gobierno.udd.cl\/estudio-rrii\/?p=2846"},"modified":"2019-10-01T09:41:57","modified_gmt":"2019-10-01T12:41:57","slug":"entrevista-con-yun-tso-lee-director-centro-estudios-internacionales-udd-sobre-china-moderna-70-anos-radio-universo","status":"publish","type":"post","link":"https:\/\/gobierno.udd.cl\/estudio-rrii\/noticias\/2019\/10\/01\/entrevista-con-yun-tso-lee-director-centro-estudios-internacionales-udd-sobre-china-moderna-70-anos-radio-universo\/","title":{"rendered":"Entrevista con Yun Tso Lee, director Centro Estudios Internacionales UDD, sobre China Moderna 70 a\u00f1os &#8211; Radio Universo"},"content":{"rendered":"<p>Hoy se conmemoran 70 a\u00f1os del r\u00e9gimen comunista en China. Hoy son la segunda potencia del mundo, luego de Estados Unidos, protagonizando una guerra comercial que se ha tomado los \u00faltimos a\u00f1os.<\/p>\n<p><strong>Habla:<\/strong>\u00a0Yun Tso Lee, director de Centro de Estudios Internacionales\u00a0<span class=\"highlight\">UDD<\/span>\u00a0Menci\u00f3n:\u00a0<span class=\"highlight\">Universidad<\/span>\u00a0<span class=\"highlight\">del<\/span>\u00a0<span class=\"highlight\">Desarrollo.<\/span><\/p>\n<audio class=\"wp-audio-shortcode\" id=\"audio-2933-1\" preload=\"none\" style=\"width: 100%;\" controls=\"controls\"><source type=\"audio\/mpeg\" src=\"http:\/\/conectamedia.s3.amazonaws.com\/743d4f2b1e5aab07a9b6445d432d68b1.mp3?_=1\" \/><a href=\"http:\/\/conectamedia.s3.amazonaws.com\/743d4f2b1e5aab07a9b6445d432d68b1.mp3\">http:\/\/conectamedia.s3.amazonaws.com\/743d4f2b1e5aab07a9b6445d432d68b1.mp3<\/a><\/audio>\n","protected":false},"excerpt":{"rendered":"<p>Hoy se conmemoran 70 a\u00f1os del r\u00e9gimen comunista en China. Hoy son la segunda potencia del mundo, luego de Estados Unidos, protagonizando una guerra comercial que se ha tomado los \u00faltimos a\u00f1os. Habla:\u00a0Yun Tso Lee, director de Centro de Estudios Internacionales\u00a0UDD\u00a0Menci\u00f3n:\u00a0Universidad\u00a0del\u00a0Desarrollo. http:\/\/conectamedia.s3.amazonaws.com\/743d4f2b1e5aab07a9b6445d432d68b1.mp3<\/p>\n","protected":false},"author":0,"featured_media":2778,"comment_status":"open","ping_status":"open","sticky":false,"template":"","format":"standard","meta":{"footnotes":""},"categories":[11471],"tags":[],"class_list":["post-2933","post","type-post","status-publish","format-standard","has-post-thumbnail","hentry","category-ceri-en-la-prensa"],"featured_image_url":"https:\/\/gobierno.udd.cl\/estudio-rrii\/files\/2019\/07\/prensa-1.jpg","_links":{"self":[{"href":"https:\/\/gobierno.udd.cl\/estudio-rrii\/wp-json\/wp\/v2\/posts\/2933","targetHints":{"allow":["GET"]}}],"collection":[{"href":"https:\/\/gobierno.udd.cl\/estudio-rrii\/wp-json\/wp\/v2\/posts"}],"about":[{"href":"https:\/\/gobierno.udd.cl\/estudio-rrii\/wp-json\/wp\/v2\/types\/post"}],"replies":[{"embeddable":true,"href":"https:\/\/gobierno.udd.cl\/estudio-rrii\/wp-json\/wp\/v2\/comments?post=2933"}],"version-history":[{"count":0,"href":"https:\/\/gobierno.udd.cl\/estudio-rrii\/wp-json\/wp\/v2\/posts\/2933\/revisions"}],"wp:featuredmedia":[{"embeddable":true,"href":"https:\/\/gobierno.udd.cl\/estudio-rrii\/wp-json\/wp\/v2\/media\/2778"}],"wp:attachment":[{"href":"https:\/\/gobierno.udd.cl\/estudio-rrii\/wp-json\/wp\/v2\/media?parent=2933"}],"wp:term":[{"taxonomy":"category","embeddable":true,"href":"https:\/\/gobierno.udd.cl\/estudio-rrii\/wp-json\/wp\/v2\/categories?post=2933"},{"taxonomy":"post_tag","embeddable":true,"href":"https:\/\/gobierno.udd.cl\/estudio-rrii\/wp-json\/wp\/v2\/tags?post=2933"}],"curies":[{"name":"wp","href":"https:\/\/api.w.org\/{rel}","templated":true}]}}