{"id":2828,"date":"2019-08-08T09:01:37","date_gmt":"2019-08-08T13:01:37","guid":{"rendered":"http:\/\/gobierno.udd.cl\/estudio-rrii\/?p=2828"},"modified":"2020-04-13T18:10:49","modified_gmt":"2020-04-13T22:10:49","slug":"guerra-comercial-y-elecciones-en-ee-uu-diario-financiero","status":"publish","type":"post","link":"https:\/\/gobierno.udd.cl\/estudio-rrii\/noticias\/2019\/08\/08\/guerra-comercial-y-elecciones-en-ee-uu-diario-financiero\/","title":{"rendered":"Guerra comercial y elecciones en EE.UU. \f &#8211; Diario Financiero"},"content":{"rendered":"<p style=\"text-align: justify;\"><strong>Se\u00f1ora Directora: <\/strong><\/p>\n<p style=\"text-align: justify;\">Mientras los gobiernos de Estados Unidos y China se reun\u00edan hace poco en Shangh\u00e1i para una nuevamente infructuosa ronda de negociaciones en torno a la guerra comercial, un nuevo debate televisivo del Partido Dem\u00f3crata encend\u00eda a\u00fan m\u00e1s la carrera por la Casa Blanca.<\/p>\n<p style=\"text-align: justify;\">La elecci\u00f3n presidencial de Estados Unidos del pr\u00f3ximo a\u00f1o se acerca velozmente, por lo que pareciese ser cada vez m\u00e1s necesario para Donald Trump buscar al menos un acuerdo parcial con China del cual presumir. Una mayor compra de productos agr\u00edcolas estadounidenses dar\u00eda apoyo a una parte importante de la base pol\u00edtica del Presidente.<\/p>\n<p style=\"text-align: justify;\">El acuerdo comercial definitivo es todav\u00eda lejano, pero las circunstancias pol\u00edticas internas de los gobiernos de ambos pa\u00edses parecen demandar una respuesta m\u00e1s temprano que tarde, lo que resulta beneficioso para nuestro pa\u00eds.<\/p>\n<p style=\"text-align: justify;\"><strong>Andr\u00e9s Mu\u00f1oz <\/strong><\/p>\n<p style=\"text-align: justify;\">Centro de Estudios de Relaciones Internacionales Universidad del Desarrollo<\/p>\n<p><a href=\"https:\/\/gobierno.udd.cl\/estudio-rrii\/files\/2019\/08\/2019-08-08_El_Diario_Financiero_pag10.jpg\"><img loading=\"lazy\" decoding=\"async\" class=\"size-medium wp-image-2830 aligncenter\" src=\"https:\/\/gobierno.udd.cl\/estudio-rrii\/files\/2019\/08\/2019-08-08_El_Diario_Financiero_pag10-225x300.jpg\" alt=\"\" width=\"225\" height=\"300\" srcset=\"https:\/\/gobierno.udd.cl\/estudio-rrii\/files\/2019\/08\/2019-08-08_El_Diario_Financiero_pag10-225x300.jpg 225w, https:\/\/gobierno.udd.cl\/estudio-rrii\/files\/2019\/08\/2019-08-08_El_Diario_Financiero_pag10-768x1025.jpg 768w, https:\/\/gobierno.udd.cl\/estudio-rrii\/files\/2019\/08\/2019-08-08_El_Diario_Financiero_pag10-767x1024.jpg 767w, https:\/\/gobierno.udd.cl\/estudio-rrii\/files\/2019\/08\/2019-08-08_El_Diario_Financiero_pag10-719x960.jpg 719w, https:\/\/gobierno.udd.cl\/estudio-rrii\/files\/2019\/08\/2019-08-08_El_Diario_Financiero_pag10.jpg 1873w\" sizes=\"auto, (max-width: 225px) 100vw, 225px\" \/><\/a><\/p>\n","protected":false},"excerpt":{"rendered":"<p>Se\u00f1ora Directora: Mientras los gobiernos de Estados Unidos y China se reun\u00edan hace poco en Shangh\u00e1i para una nuevamente infructuosa ronda de negociaciones en torno a la guerra comercial, un nuevo debate televisivo del Partido Dem\u00f3crata encend\u00eda a\u00fan m\u00e1s la carrera por la Casa Blanca. La elecci\u00f3n presidencial de Estados Unidos del pr\u00f3ximo a\u00f1o se [&hellip;]<\/p>\n","protected":false},"author":22,"featured_media":0,"comment_status":"open","ping_status":"open","sticky":false,"template":"","format":"standard","meta":{"footnotes":""},"categories":[11471],"tags":[],"class_list":["post-2828","post","type-post","status-publish","format-standard","hentry","category-ceri-en-la-prensa"],"featured_image_url":null,"_links":{"self":[{"href":"https:\/\/gobierno.udd.cl\/estudio-rrii\/wp-json\/wp\/v2\/posts\/2828","targetHints":{"allow":["GET"]}}],"collection":[{"href":"https:\/\/gobierno.udd.cl\/estudio-rrii\/wp-json\/wp\/v2\/posts"}],"about":[{"href":"https:\/\/gobierno.udd.cl\/estudio-rrii\/wp-json\/wp\/v2\/types\/post"}],"author":[{"embeddable":true,"href":"https:\/\/gobierno.udd.cl\/estudio-rrii\/wp-json\/wp\/v2\/users\/22"}],"replies":[{"embeddable":true,"href":"https:\/\/gobierno.udd.cl\/estudio-rrii\/wp-json\/wp\/v2\/comments?post=2828"}],"version-history":[{"count":5,"href":"https:\/\/gobierno.udd.cl\/estudio-rrii\/wp-json\/wp\/v2\/posts\/2828\/revisions"}],"predecessor-version":[{"id":2865,"href":"https:\/\/gobierno.udd.cl\/estudio-rrii\/wp-json\/wp\/v2\/posts\/2828\/revisions\/2865"}],"wp:attachment":[{"href":"https:\/\/gobierno.udd.cl\/estudio-rrii\/wp-json\/wp\/v2\/media?parent=2828"}],"wp:term":[{"taxonomy":"category","embeddable":true,"href":"https:\/\/gobierno.udd.cl\/estudio-rrii\/wp-json\/wp\/v2\/categories?post=2828"},{"taxonomy":"post_tag","embeddable":true,"href":"https:\/\/gobierno.udd.cl\/estudio-rrii\/wp-json\/wp\/v2\/tags?post=2828"}],"curies":[{"name":"wp","href":"https:\/\/api.w.org\/{rel}","templated":true}]}}