{"id":2813,"date":"2019-07-25T11:59:13","date_gmt":"2019-07-25T15:59:13","guid":{"rendered":"http:\/\/gobierno.udd.cl\/estudio-rrii\/?p=2813"},"modified":"2019-07-25T12:00:26","modified_gmt":"2019-07-25T16:00:26","slug":"revisa-el-numero-veintinueve-de-prospectiva-internacional","status":"publish","type":"post","link":"https:\/\/gobierno.udd.cl\/estudio-rrii\/noticias\/2019\/07\/25\/revisa-el-numero-veintinueve-de-prospectiva-internacional\/","title":{"rendered":"Revisa el n\u00famero veintinueve de Prospectiva Internacional"},"content":{"rendered":"<p style=\"text-align: justify;\"><span style=\"color: #000080;\"><strong>PROSPECTIVA INTERNACIONAL <\/strong><\/span><\/p>\n<p style=\"text-align: justify;\"><span style=\"color: #000080;\"><strong>RESUMEN EJECUTIVO<\/strong><\/span><\/p>\n<p style=\"text-align: justify;\"><strong>Prospectiva Internacional<\/strong> es el Bolet\u00edn del Centro de Estudios de Relaciones Internacionales (CERI) que se emite cada dos meses con dos objetivos principales. El primero, contribuir al debate y a una comprensi\u00f3n detallada de algunos acontecimientos coyunturales de la realidad internacional, a trav\u00e9s de columnas de opini\u00f3n de acad\u00e9micos de la Facultad de Gobierno de la Universidad del Desarrollo. El segundo, dar a conocer a nuestros lectores las actividades que se est\u00e1n realizando en nuestro centro de investigaci\u00f3n.<\/p>\n<p style=\"text-align: justify;\">Isabel Caba\u00f1a analiza en su art\u00edculo el reciente cambio de era y la ascensi\u00f3n de un nuevo emperador en Jap\u00f3n, haciendo hincapi\u00e9 a la significaci\u00f3n de este hecho y los desaf\u00edos que tiene por delante el nuevo Emperador, Naruhito.<\/p>\n<p style=\"text-align: justify;\">Magdalena D\u00edaz discute en su art\u00edculo las \u00faltimas elecciones en India y la confirmaci\u00f3n de Narendra Modi como Primer Ministro; junto con las implicancias pol\u00edticas, econ\u00f3micas y sociales que este nuevo proceso trae consigo.<\/p>\n<p style=\"text-align: justify;\">Juan Pablo Sims trata en su art\u00edculo la actual disputa comercial entre Estados Unidos y China, haciendo un an\u00e1lisis del conflicto mediante el estudio y la teor\u00eda de las Relaciones Internacionales.<\/p>\n<p style=\"text-align: justify;\"><span style=\"color: #000080;\"><strong>EDITORIAL<\/strong><\/span><\/p>\n<p style=\"text-align: justify;\"><strong>Por Juan Pablo SIMS<\/strong><\/p>\n<p style=\"text-align: justify;\">La t\u00f3nica de este a\u00f1o ha estado marcada por la sombra de la Guerra Comercial entre EE. UU y China. El \u00faltimo episodio tuvo lugar en la cumbre del G20 en Osaka, Jap\u00f3n a finales de junio. Grandes expectativas generan este tipo de instancias, pues posibilitan negociaciones de manera mucho m\u00e1s directa y en este sentido, los resultados pueden ser inmediatos&#8230;\u00a0<strong><span style=\"color: #000080;\"><a style=\"color: #000080;\" href=\"https:\/\/gobierno.udd.cl\/estudio-rrii\/noticias\/2019\/07\/25\/editorial-guerra-comercial\/\">Ver+<\/a><\/span><\/strong><\/p>\n<p style=\"text-align: justify;\"><span style=\"color: #000080;\"><strong>ART\u00cdCULOS<\/strong><\/span><\/p>\n<p style=\"text-align: justify;\"><strong>Isabel Caba\u00f1a Rojas<\/strong>, Doctoranda en Relaciones Internacionales, Universidad Ritsumeikan<\/p>\n<p style=\"text-align: justify;\"><a href=\"https:\/\/gobierno.udd.cl\/estudio-rrii\/noticias\/2019\/07\/25\/interpretando-al-japon-de-la-era-reiwa\/\">INTERPRETANDO AL JAP\u00d3N DE LA ERA REIWA<\/a><\/p>\n<p style=\"text-align: justify;\"><strong>Magdalena D\u00edaz Le-Fort<\/strong>,\u00a0Directora Ejecutiva Camindia. Profesora Facultad de Gobierno UDD<\/p>\n<p style=\"text-align: justify;\"><a href=\"https:\/\/gobierno.udd.cl\/estudio-rrii\/noticias\/2019\/07\/25\/que-gano-en-la-eleccion-del-pais-democratico-mas-poblado-del-mundo\/\">\u00bfQU\u00c9 GAN\u00d3 EN LA ELECCI\u00d3N DEL PA\u00cdS DEMOCR\u00c1TICO M\u00c1S POBLADO DEL MUNDO?<\/a><\/p>\n<p style=\"text-align: justify;\"><strong>Juan Pablo Sims,<\/strong>\u00a0Investigador Centro de Estudios de Relaciones Internacionales (CERI)<\/p>\n<p style=\"text-align: justify;\"><a href=\"https:\/\/gobierno.udd.cl\/estudio-rrii\/noticias\/2019\/07\/25\/china-y-ee-uu-competencia-en-la-era-digital\/\">CHINA Y ESTADOS UNIDOS: COMPETENCIA EN LA ERA DIGITAL<\/a><\/p>\n<p style=\"text-align: justify;\"><strong><span style=\"color: #000080;\">NOTICIAS<\/span><\/strong><\/p>\n<p style=\"text-align: justify;\">Acad\u00e9micos exponen sobre el liderazgo de Modi en la econom\u00eda India\u00a0\u00a0<a href=\"https:\/\/gobierno.udd.cl\/estudio-rrii\/noticias\/2019\/07\/02\/academicos-exponen-sobre-el-liderazgo-de-modi-en-la-economia-india\/\"><span style=\"color: #000080;\"><strong>Ver+<\/strong><\/span><\/a><\/p>\n<p>Guerra comercial entre China y EE.UU \u00bfHostilidad o armon\u00eda?\u00a0<span style=\"color: #000080;\"><a style=\"color: #000080;\" href=\"https:\/\/gobierno.udd.cl\/estudio-rrii\/noticias\/2019\/05\/29\/guerra-comercial-entre-china-y-eeuu-hostilidad-o-armonia\/\"><strong>Ver+<\/strong><\/a><\/span><\/p>\n<p>&nbsp;<\/p>\n<p style=\"text-align: center;\"><strong>Prospectiva Internacional, Edici\u00f3n 29.<\/strong><\/p>\n<p style=\"text-align: center;\">\u00a0Dudas o m\u00e1s informaci\u00f3n contacta a <strong>Andr\u00e9s Mu\u00f1oz<\/strong> (ceri@udd.cl)<\/p>\n","protected":false},"excerpt":{"rendered":"<p>PROSPECTIVA INTERNACIONAL RESUMEN EJECUTIVO Prospectiva Internacional es el Bolet\u00edn del Centro de Estudios de Relaciones Internacionales (CERI) que se emite cada dos meses con dos objetivos principales. El primero, contribuir al debate y a una comprensi\u00f3n detallada de algunos acontecimientos coyunturales de la realidad internacional, a trav\u00e9s de columnas de opini\u00f3n de acad\u00e9micos de la [&hellip;]<\/p>\n","protected":false},"author":22,"featured_media":2514,"comment_status":"open","ping_status":"open","sticky":false,"template":"","format":"standard","meta":{"footnotes":""},"categories":[5512],"tags":[],"class_list":["post-2813","post","type-post","status-publish","format-standard","has-post-thumbnail","hentry","category-boletin-prospectiva-internacional"],"featured_image_url":"https:\/\/gobierno.udd.cl\/estudio-rrii\/files\/2018\/11\/CERI1-317x220-300x208.png","_links":{"self":[{"href":"https:\/\/gobierno.udd.cl\/estudio-rrii\/wp-json\/wp\/v2\/posts\/2813","targetHints":{"allow":["GET"]}}],"collection":[{"href":"https:\/\/gobierno.udd.cl\/estudio-rrii\/wp-json\/wp\/v2\/posts"}],"about":[{"href":"https:\/\/gobierno.udd.cl\/estudio-rrii\/wp-json\/wp\/v2\/types\/post"}],"author":[{"embeddable":true,"href":"https:\/\/gobierno.udd.cl\/estudio-rrii\/wp-json\/wp\/v2\/users\/22"}],"replies":[{"embeddable":true,"href":"https:\/\/gobierno.udd.cl\/estudio-rrii\/wp-json\/wp\/v2\/comments?post=2813"}],"version-history":[{"count":2,"href":"https:\/\/gobierno.udd.cl\/estudio-rrii\/wp-json\/wp\/v2\/posts\/2813\/revisions"}],"predecessor-version":[{"id":2815,"href":"https:\/\/gobierno.udd.cl\/estudio-rrii\/wp-json\/wp\/v2\/posts\/2813\/revisions\/2815"}],"wp:featuredmedia":[{"embeddable":true,"href":"https:\/\/gobierno.udd.cl\/estudio-rrii\/wp-json\/wp\/v2\/media\/2514"}],"wp:attachment":[{"href":"https:\/\/gobierno.udd.cl\/estudio-rrii\/wp-json\/wp\/v2\/media?parent=2813"}],"wp:term":[{"taxonomy":"category","embeddable":true,"href":"https:\/\/gobierno.udd.cl\/estudio-rrii\/wp-json\/wp\/v2\/categories?post=2813"},{"taxonomy":"post_tag","embeddable":true,"href":"https:\/\/gobierno.udd.cl\/estudio-rrii\/wp-json\/wp\/v2\/tags?post=2813"}],"curies":[{"name":"wp","href":"https:\/\/api.w.org\/{rel}","templated":true}]}}