{"id":2718,"date":"2019-05-29T15:06:38","date_gmt":"2019-05-29T19:06:38","guid":{"rendered":"http:\/\/gobierno.udd.cl\/estudio-rrii\/?p=2718"},"modified":"2020-08-25T16:33:23","modified_gmt":"2020-08-25T20:33:23","slug":"guerra-comercial-entre-china-y-eeuu-hostilidad-o-armonia","status":"publish","type":"post","link":"https:\/\/gobierno.udd.cl\/estudio-rrii\/noticias\/2019\/05\/29\/guerra-comercial-entre-china-y-eeuu-hostilidad-o-armonia\/","title":{"rendered":"Guerra comercial entre China y EEUU \u00bfhostilidad o armon\u00eda?"},"content":{"rendered":"<div id=\"gallery-1\" class=\"carousel slide carousel-gallery\" data-ride=\"false\" data-interval=\"false\"><div class=\"carousel-inner\" role=\"listbox\"><figure class=\"carousel-item active\"><img loading=\"lazy\" decoding=\"async\" width=\"952\" height=\"365\" src=\"https:\/\/gobierno.udd.cl\/estudio-rrii\/files\/2019\/06\/Panor\u00e1mica-charla-China-01-800x450.jpeg\" class=\"attachment-landscape_952 size-landscape_952 lazyload\" alt=\"\" sizes=\"auto, (max-width: 952px) 100vw, 952px\" data-src=\"https:\/\/gobierno.udd.cl\/estudio-rrii\/files\/2019\/06\/Panor\u00e1mica-charla-China-01.jpeg\" data-srcset=\"https:\/\/gobierno.udd.cl\/estudio-rrii\/files\/2019\/06\/Panor\u00e1mica-charla-China-01.jpeg 1280w, https:\/\/gobierno.udd.cl\/estudio-rrii\/files\/2019\/06\/Panor\u00e1mica-charla-China-01-300x115.jpeg 300w, https:\/\/gobierno.udd.cl\/estudio-rrii\/files\/2019\/06\/Panor\u00e1mica-charla-China-01-768x295.jpeg 768w, https:\/\/gobierno.udd.cl\/estudio-rrii\/files\/2019\/06\/Panor\u00e1mica-charla-China-01-1024x393.jpeg 1024w, https:\/\/gobierno.udd.cl\/estudio-rrii\/files\/2019\/06\/Panor\u00e1mica-charla-China-01-960x368.jpeg 960w\" \/><\/figure><figure class=\"carousel-item\"><img loading=\"lazy\" decoding=\"async\" width=\"952\" height=\"283\" src=\"https:\/\/gobierno.udd.cl\/estudio-rrii\/files\/2019\/06\/Panor\u00e1mica-charla-China-02.jpeg\" class=\"attachment-landscape_952 size-landscape_952 lazyload\" alt=\"\" sizes=\"auto, (max-width: 952px) 100vw, 952px\" data-src=\"https:\/\/gobierno.udd.cl\/estudio-rrii\/files\/2019\/06\/Panor\u00e1mica-charla-China-02.jpeg\" data-srcset=\"https:\/\/gobierno.udd.cl\/estudio-rrii\/files\/2019\/06\/Panor\u00e1mica-charla-China-02.jpeg 1280w, https:\/\/gobierno.udd.cl\/estudio-rrii\/files\/2019\/06\/Panor\u00e1mica-charla-China-02-300x89.jpeg 300w, https:\/\/gobierno.udd.cl\/estudio-rrii\/files\/2019\/06\/Panor\u00e1mica-charla-China-02-768x229.jpeg 768w, https:\/\/gobierno.udd.cl\/estudio-rrii\/files\/2019\/06\/Panor\u00e1mica-charla-China-02-1024x305.jpeg 1024w, https:\/\/gobierno.udd.cl\/estudio-rrii\/files\/2019\/06\/Panor\u00e1mica-charla-China-02-960x286.jpeg 960w\" \/><\/figure><figure class=\"carousel-item\"><img loading=\"lazy\" decoding=\"async\" width=\"801\" height=\"534\" src=\"https:\/\/gobierno.udd.cl\/estudio-rrii\/files\/2019\/06\/IMG_1053-800x450.jpg\" class=\"attachment-landscape_952 size-landscape_952 lazyload\" alt=\"\" sizes=\"auto, (max-width: 801px) 100vw, 801px\" data-src=\"https:\/\/gobierno.udd.cl\/estudio-rrii\/files\/2019\/06\/IMG_1053.jpg\" data-srcset=\"https:\/\/gobierno.udd.cl\/estudio-rrii\/files\/2019\/06\/IMG_1053.jpg 5184w, https:\/\/gobierno.udd.cl\/estudio-rrii\/files\/2019\/06\/IMG_1053-300x200.jpg 300w, https:\/\/gobierno.udd.cl\/estudio-rrii\/files\/2019\/06\/IMG_1053-768x512.jpg 768w, https:\/\/gobierno.udd.cl\/estudio-rrii\/files\/2019\/06\/IMG_1053-1024x683.jpg 1024w, https:\/\/gobierno.udd.cl\/estudio-rrii\/files\/2019\/06\/IMG_1053-960x640.jpg 960w\" \/><\/figure><figure class=\"carousel-item\"><img loading=\"lazy\" decoding=\"async\" width=\"801\" height=\"534\" src=\"https:\/\/gobierno.udd.cl\/estudio-rrii\/files\/2019\/06\/IMG_1055-800x450.jpg\" class=\"attachment-landscape_952 size-landscape_952 lazyload\" alt=\"\" sizes=\"auto, (max-width: 801px) 100vw, 801px\" data-src=\"https:\/\/gobierno.udd.cl\/estudio-rrii\/files\/2019\/06\/IMG_1055.jpg\" data-srcset=\"https:\/\/gobierno.udd.cl\/estudio-rrii\/files\/2019\/06\/IMG_1055.jpg 5184w, https:\/\/gobierno.udd.cl\/estudio-rrii\/files\/2019\/06\/IMG_1055-300x200.jpg 300w, https:\/\/gobierno.udd.cl\/estudio-rrii\/files\/2019\/06\/IMG_1055-768x512.jpg 768w, https:\/\/gobierno.udd.cl\/estudio-rrii\/files\/2019\/06\/IMG_1055-1024x683.jpg 1024w, https:\/\/gobierno.udd.cl\/estudio-rrii\/files\/2019\/06\/IMG_1055-960x640.jpg 960w\" \/><\/figure><\/div><footer class=\"carousel-footer\"><div class=\"carousel-counter\"><span class=\"carousel-counter-current\"><\/span> \/ <span class=\"carousel-counter-total\"><\/span><\/div><a class=\"carousel-control-prev\" href=\"#gallery-1\" role=\"button\" data-slide=\"prev\"><svg aria-hidden=\"true\" class=\"svg-chevron-left-dims\"><use xlink:href='https:\/\/gobierno.udd.cl\/estudio-rrii\/wp-content\/themes\/facultades-2018\/assets\/img\/svg\/dist\/main.svg?version=1695853099#chevron-left'><\/use><\/svg><span class=\"sr-only\">Anterior<\/span><\/a><a class=\"carousel-control-next\" href=\"#gallery-1\" role=\"button\" data-slide=\"next\"><svg aria-hidden=\"true\" class=\"svg-chevron-right-dims\"><use xlink:href='https:\/\/gobierno.udd.cl\/estudio-rrii\/wp-content\/themes\/facultades-2018\/assets\/img\/svg\/dist\/main.svg?version=1695853099#chevron-right'><\/use><\/svg><span class=\"sr-only\">Siguiente<\/span><\/a><\/footer><\/div>\n<p style=\"text-align: justify;\">El <strong>Centro de Relaciones Internacionales<\/strong> (CERI) de la Facultad de Gobierno organiz\u00f3 la charla \u00bfHostilidad o armon\u00eda?, el futuro de la guerra comercial entre Estados Unidos y China, luego de que en las \u00faltimas semanas se intensificara la tensi\u00f3n tras la decisi\u00f3n de la Casa Blanca en poner en lista negra a la empresa tecnol\u00f3gica Huawei.<\/p>\n<p style=\"text-align: justify;\">La exposici\u00f3n estuvo liderada por Wang Rong-Jun, Director General del Instituto de Am\u00e9rica Latina de la Academia China de Ciencias Sociales\u00a0y Shi Peiran, investigadora del mismo centro.<\/p>\n<p style=\"text-align: justify;\">Rong-Jun consider\u00f3 que esta disputa econ\u00f3mica es m\u00e1s bien irracional, ya que no beneficia a Estados Unidos, a China y al resto de mundo, producto de la globalizaci\u00f3n y la interconectividad. Explic\u00f3 que antiguamente las cadenas de valor eran locales, es decir, cada pa\u00eds produc\u00eda lo suyo, sin aranceles entre ellos. Hoy el panorama cambi\u00f3, pues al tener una cadena de valor global, la cantidad de impuestos s\u00f3lo hace que le suban los precios al consumidor final.<\/p>\n<p style=\"text-align: justify;\">Por otra parte, Shi Peiran bas\u00f3 su exposici\u00f3n en cifras y en las consecuencias que pudiese tener en Am\u00e9rica Latina, dejando en claro que no tendr\u00e1 efectos directos, porque hay pocos bienes incluidos en la guerra comercial (tecnolog\u00eda) que pudiese proveer Latinoam\u00e9rica, sin embargo, dej\u00f3 entre ver que hay un mercado no capitalizado y beneficioso para los pa\u00edses del cono sur.<\/p>\n","protected":false},"excerpt":{"rendered":"<p>Por un lado Trump asegura que es una \u201ccuesti\u00f3n de seguridad nacional\u201d, mientras Xi Jinping expone ser v\u00edctima del acoso norteamericano.<\/p>\n","protected":false},"author":22,"featured_media":2722,"comment_status":"open","ping_status":"open","sticky":false,"template":"","format":"standard","meta":{"footnotes":""},"categories":[4],"tags":[],"class_list":["post-2718","post","type-post","status-publish","format-standard","has-post-thumbnail","hentry","category-noticias"],"featured_image_url":"https:\/\/gobierno.udd.cl\/estudio-rrii\/files\/2019\/06\/IMG_1055.jpg","_links":{"self":[{"href":"https:\/\/gobierno.udd.cl\/estudio-rrii\/wp-json\/wp\/v2\/posts\/2718","targetHints":{"allow":["GET"]}}],"collection":[{"href":"https:\/\/gobierno.udd.cl\/estudio-rrii\/wp-json\/wp\/v2\/posts"}],"about":[{"href":"https:\/\/gobierno.udd.cl\/estudio-rrii\/wp-json\/wp\/v2\/types\/post"}],"author":[{"embeddable":true,"href":"https:\/\/gobierno.udd.cl\/estudio-rrii\/wp-json\/wp\/v2\/users\/22"}],"replies":[{"embeddable":true,"href":"https:\/\/gobierno.udd.cl\/estudio-rrii\/wp-json\/wp\/v2\/comments?post=2718"}],"version-history":[{"count":1,"href":"https:\/\/gobierno.udd.cl\/estudio-rrii\/wp-json\/wp\/v2\/posts\/2718\/revisions"}],"predecessor-version":[{"id":2723,"href":"https:\/\/gobierno.udd.cl\/estudio-rrii\/wp-json\/wp\/v2\/posts\/2718\/revisions\/2723"}],"wp:featuredmedia":[{"embeddable":true,"href":"https:\/\/gobierno.udd.cl\/estudio-rrii\/wp-json\/wp\/v2\/media\/2722"}],"wp:attachment":[{"href":"https:\/\/gobierno.udd.cl\/estudio-rrii\/wp-json\/wp\/v2\/media?parent=2718"}],"wp:term":[{"taxonomy":"category","embeddable":true,"href":"https:\/\/gobierno.udd.cl\/estudio-rrii\/wp-json\/wp\/v2\/categories?post=2718"},{"taxonomy":"post_tag","embeddable":true,"href":"https:\/\/gobierno.udd.cl\/estudio-rrii\/wp-json\/wp\/v2\/tags?post=2718"}],"curies":[{"name":"wp","href":"https:\/\/api.w.org\/{rel}","templated":true}]}}