{"id":2689,"date":"2019-04-26T23:02:56","date_gmt":"2019-04-27T03:02:56","guid":{"rendered":"http:\/\/gobierno.udd.cl\/estudio-rrii\/?p=2689"},"modified":"2019-07-09T15:20:53","modified_gmt":"2019-07-09T19:20:53","slug":"entrevista-yun-tso-lee-director-del-centro-de-estudios-internacionales-udd-adn-radio","status":"publish","type":"post","link":"https:\/\/gobierno.udd.cl\/estudio-rrii\/noticias\/2019\/04\/26\/entrevista-yun-tso-lee-director-del-centro-de-estudios-internacionales-udd-adn-radio\/","title":{"rendered":"Entrevista: Yun Tso Lee, Director del centro de estudios internacionales UDD &#8211; ADN Radio"},"content":{"rendered":"<p style=\"text-align: justify;\">Yun Tso Lee, Director del centro de estudios internacionales de la\u00a0<span class=\"highlight\">UDD<\/span>, conversa sodas las aristas del viaje de Sebasti\u00e1n Pi\u00f1era China y las relaciones de Chile con el pa\u00eds asi\u00e1tico.<\/p>\n<p><b>Habla:<\/b>\u00a0Yun Tso Lee, Analista Director del centro de estudios internacionales\u00a0<span class=\"highlight\">UDD<\/span>.<\/p>\n<p><b>Menci\u00f3n:<\/b>\u00a0<span class=\"highlight\">UDD<\/span>.<\/p>\n<audio class=\"wp-audio-shortcode\" id=\"audio-2689-1\" preload=\"none\" style=\"width: 100%;\" controls=\"controls\"><source type=\"audio\/mpeg\" src=\"http:\/\/conectamedia.s3.amazonaws.com\/b65e8e9cbfe47a229932907b0102e8b4.mp3?_=1\" \/><a href=\"http:\/\/conectamedia.s3.amazonaws.com\/b65e8e9cbfe47a229932907b0102e8b4.mp3\">http:\/\/conectamedia.s3.amazonaws.com\/b65e8e9cbfe47a229932907b0102e8b4.mp3<\/a><\/audio>\n<p>&nbsp;<\/p>\n","protected":false},"excerpt":{"rendered":"<p>Yun Tso Lee, Director del centro de estudios internacionales de la\u00a0UDD, conversa sodas las aristas del viaje de Sebasti\u00e1n Pi\u00f1era China y las relaciones de Chile con el pa\u00eds asi\u00e1tico. Habla:\u00a0Yun Tso Lee, Analista Director del centro de estudios internacionales\u00a0UDD. Menci\u00f3n:\u00a0UDD. &nbsp;<\/p>\n","protected":false},"author":22,"featured_media":1056,"comment_status":"open","ping_status":"open","sticky":false,"template":"","format":"standard","meta":{"footnotes":""},"categories":[11471],"tags":[],"class_list":["post-2689","post","type-post","status-publish","format-standard","has-post-thumbnail","hentry","category-ceri-en-la-prensa"],"featured_image_url":"https:\/\/gobierno.udd.cl\/estudio-rrii\/files\/2015\/03\/prensa.jpg","_links":{"self":[{"href":"https:\/\/gobierno.udd.cl\/estudio-rrii\/wp-json\/wp\/v2\/posts\/2689","targetHints":{"allow":["GET"]}}],"collection":[{"href":"https:\/\/gobierno.udd.cl\/estudio-rrii\/wp-json\/wp\/v2\/posts"}],"about":[{"href":"https:\/\/gobierno.udd.cl\/estudio-rrii\/wp-json\/wp\/v2\/types\/post"}],"author":[{"embeddable":true,"href":"https:\/\/gobierno.udd.cl\/estudio-rrii\/wp-json\/wp\/v2\/users\/22"}],"replies":[{"embeddable":true,"href":"https:\/\/gobierno.udd.cl\/estudio-rrii\/wp-json\/wp\/v2\/comments?post=2689"}],"version-history":[{"count":1,"href":"https:\/\/gobierno.udd.cl\/estudio-rrii\/wp-json\/wp\/v2\/posts\/2689\/revisions"}],"predecessor-version":[{"id":2690,"href":"https:\/\/gobierno.udd.cl\/estudio-rrii\/wp-json\/wp\/v2\/posts\/2689\/revisions\/2690"}],"wp:featuredmedia":[{"embeddable":true,"href":"https:\/\/gobierno.udd.cl\/estudio-rrii\/wp-json\/wp\/v2\/media\/1056"}],"wp:attachment":[{"href":"https:\/\/gobierno.udd.cl\/estudio-rrii\/wp-json\/wp\/v2\/media?parent=2689"}],"wp:term":[{"taxonomy":"category","embeddable":true,"href":"https:\/\/gobierno.udd.cl\/estudio-rrii\/wp-json\/wp\/v2\/categories?post=2689"},{"taxonomy":"post_tag","embeddable":true,"href":"https:\/\/gobierno.udd.cl\/estudio-rrii\/wp-json\/wp\/v2\/tags?post=2689"}],"curies":[{"name":"wp","href":"https:\/\/api.w.org\/{rel}","templated":true}]}}