{"id":2687,"date":"2019-04-23T22:56:46","date_gmt":"2019-04-24T02:56:46","guid":{"rendered":"http:\/\/gobierno.udd.cl\/estudio-rrii\/?p=2687"},"modified":"2019-07-09T15:24:16","modified_gmt":"2019-07-09T19:24:16","slug":"academico-sobre-viaje-a-china-ee-uu-trata-de-influir-al-gobierno-chileno-pero-los-tiempos-cambiaron-radio-cooperativa","status":"publish","type":"post","link":"https:\/\/gobierno.udd.cl\/estudio-rrii\/noticias\/2019\/04\/23\/academico-sobre-viaje-a-china-ee-uu-trata-de-influir-al-gobierno-chileno-pero-los-tiempos-cambiaron-radio-cooperativa\/","title":{"rendered":"Acad\u00e9mico sobre viaje a China: EE.UU. trata de influir al Gobierno chileno, pero los tiempos cambiaron &#8211; Radio Cooperativa"},"content":{"rendered":"<p style=\"text-align: justify;\">El director del Centro de Estudios de Relaciones Internacionales de la Facultad de Gobierno de la\u00a0<span class=\"highlight\">Universidad<\/span>\u00a0<span class=\"highlight\">del<\/span>\u00a0<span class=\"highlight\">Desarrollo<\/span>\u00a0(<span class=\"highlight\">UDD<\/span>), Yun Tsu Lee, convers\u00f3 con Lo Que Queda del D\u00eda respecto al viaje que realiza el Presidente Sebasti\u00e1n Pi\u00f1era a China y los dichos del vicepresidente estadounidense Mike Pompeo respecto a la relaci\u00f3n que tiene el pa\u00eds con el gigante asi\u00e1tico. Seg\u00fan el acad\u00e9mico y experto, \u00abChile es uno de los pa\u00edses en Am\u00e9rica Latina que parece que tiene mayor estabilidad econ\u00f3mica (\u2026) Es el lugar donde hay que tratar de evitar que China pueda colocar sus inversiones\u00bb, manifest\u00f3.<\/p>\n<p><iframe loading=\"lazy\" id=\"jwp-frame\" src=\"https:\/\/www.cooperativa.cl\/noticias\/js-local\/jwplayer7\/7.8.2\/embed\/?src=multimedia_audio120190423192513.mp3&amp;img=foto_0000000120190423192513.jpg&amp;tipo=fid_audio\" width=\"100%\" height=\"360\" frameborder=\"0\" allowfullscreen=\"allowfullscreen\" data-mce-fragment=\"1\"><\/iframe><\/p>\n","protected":false},"excerpt":{"rendered":"<p>El director del Centro de Estudios de Relaciones Internacionales de la Facultad de Gobierno de la\u00a0Universidad\u00a0del\u00a0Desarrollo\u00a0(UDD), Yun Tsu Lee, convers\u00f3 con Lo Que Queda del D\u00eda respecto al viaje que realiza el Presidente Sebasti\u00e1n Pi\u00f1era a China y los dichos del vicepresidente estadounidense Mike Pompeo respecto a la relaci\u00f3n que tiene el pa\u00eds con el [&hellip;]<\/p>\n","protected":false},"author":22,"featured_media":1056,"comment_status":"open","ping_status":"open","sticky":false,"template":"","format":"standard","meta":{"footnotes":""},"categories":[11471],"tags":[],"class_list":["post-2687","post","type-post","status-publish","format-standard","has-post-thumbnail","hentry","category-ceri-en-la-prensa"],"featured_image_url":"https:\/\/gobierno.udd.cl\/estudio-rrii\/files\/2015\/03\/prensa.jpg","_links":{"self":[{"href":"https:\/\/gobierno.udd.cl\/estudio-rrii\/wp-json\/wp\/v2\/posts\/2687","targetHints":{"allow":["GET"]}}],"collection":[{"href":"https:\/\/gobierno.udd.cl\/estudio-rrii\/wp-json\/wp\/v2\/posts"}],"about":[{"href":"https:\/\/gobierno.udd.cl\/estudio-rrii\/wp-json\/wp\/v2\/types\/post"}],"author":[{"embeddable":true,"href":"https:\/\/gobierno.udd.cl\/estudio-rrii\/wp-json\/wp\/v2\/users\/22"}],"replies":[{"embeddable":true,"href":"https:\/\/gobierno.udd.cl\/estudio-rrii\/wp-json\/wp\/v2\/comments?post=2687"}],"version-history":[{"count":1,"href":"https:\/\/gobierno.udd.cl\/estudio-rrii\/wp-json\/wp\/v2\/posts\/2687\/revisions"}],"predecessor-version":[{"id":2688,"href":"https:\/\/gobierno.udd.cl\/estudio-rrii\/wp-json\/wp\/v2\/posts\/2687\/revisions\/2688"}],"wp:featuredmedia":[{"embeddable":true,"href":"https:\/\/gobierno.udd.cl\/estudio-rrii\/wp-json\/wp\/v2\/media\/1056"}],"wp:attachment":[{"href":"https:\/\/gobierno.udd.cl\/estudio-rrii\/wp-json\/wp\/v2\/media?parent=2687"}],"wp:term":[{"taxonomy":"category","embeddable":true,"href":"https:\/\/gobierno.udd.cl\/estudio-rrii\/wp-json\/wp\/v2\/categories?post=2687"},{"taxonomy":"post_tag","embeddable":true,"href":"https:\/\/gobierno.udd.cl\/estudio-rrii\/wp-json\/wp\/v2\/tags?post=2687"}],"curies":[{"name":"wp","href":"https:\/\/api.w.org\/{rel}","templated":true}]}}