{"id":2675,"date":"2019-04-29T16:52:48","date_gmt":"2019-04-29T20:52:48","guid":{"rendered":"http:\/\/gobierno.udd.cl\/estudio-rrii\/?p=2675"},"modified":"2019-04-29T16:54:38","modified_gmt":"2019-04-29T20:54:38","slug":"revisa-el-numero-veintiocho-de-prospectiva-internacional","status":"publish","type":"post","link":"https:\/\/gobierno.udd.cl\/estudio-rrii\/noticias\/2019\/04\/29\/revisa-el-numero-veintiocho-de-prospectiva-internacional\/","title":{"rendered":"Revisa el n\u00famero veintiocho de Prospectiva Internacional"},"content":{"rendered":"<p style=\"text-align: justify;\"><strong>Prospectiva Internacional<\/strong>\u00a0es el Bolet\u00edn del Centro de Estudios de Relaciones Internacionales (CERI) que se emite bimestral con dos objetivos principales. El primero, contribuir al debate y a una comprensi\u00f3n detallada de algunos acontecimientos coyunturales de la realidad internacional, a trav\u00e9s de columnas de opini\u00f3n de acad\u00e9micos de la Facultad de Gobierno de la Universidad del Desarrollo. El segundo, dar a conocer a nuestros lectores las actividades que se est\u00e1n realizando en nuestro centro de investigaci\u00f3n.<\/p>\n<p style=\"text-align: justify;\"><span style=\"color: #000080;\"><strong>EDITORIAL<\/strong><\/span><\/p>\n<p style=\"text-align: justify;\"><strong>Por Juan Pablo SIMS<\/strong><\/p>\n<p style=\"text-align: justify;\">A poco m\u00e1s de un a\u00f1o de iniciado el segundo gobierno del presidente Sebasti\u00e1n Pi\u00f1era, m\u00faltiples voces; autoridades, acad\u00e9micos y ex diplom\u00e1ticos han manifestado su preocupaci\u00f3n por el camino que ha tomado la\u00a0<strong>pol\u00edtica exterior chilena<\/strong>, la que se ha caracterizado hist\u00f3ricamente por su consistencia y mesura. Sin embargo, acorde a lo manifestado por diversos sectores, el actual gobierno se estar\u00eda alejando de la tradicional pol\u00edtica exterior chilena adoptando decisiones controversiales y poco consensuadas&#8230; <strong><span style=\"color: #000080;\"><a style=\"color: #000080;\" href=\"https:\/\/gobierno.udd.cl\/estudio-rrii\/noticias\/2019\/04\/03\/editorial-cambio-en-la-politica-exterior-chilena\/\">Ver+<\/a><\/span><\/strong><\/p>\n<p style=\"text-align: justify;\"><span style=\"color: #000080;\"><strong>ART\u00cdCULOS<\/strong><\/span><\/p>\n<p style=\"text-align: justify;\"><strong>Yun Tso Lee<\/strong>, Director Centro de Estudios de Relaciones Internacionales UDD.<\/p>\n<p style=\"text-align: justify;\"><a href=\"https:\/\/gobierno.udd.cl\/estudio-rrii\/noticias\/2019\/04\/03\/belt-and-road-initiative-y-el-cambio-en-la-politica-exterior-china\/\">BELT AND ROAD INITIATIVE Y EL CAMBIO EN LA POL\u00cdTICA EXTERIOR CHINA<\/a><\/p>\n<p style=\"text-align: justify;\"><strong>Juan Pablo Sims<\/strong>, Investigador Centro de Estudios de Relaciones Internacionales UDD.<\/p>\n<p style=\"text-align: justify;\"><a href=\"https:\/\/gobierno.udd.cl\/estudio-rrii\/noticias\/2019\/04\/03\/ideologia-e-integracion-regional\/\">IDEOLOG\u00cdA E INTEGRACI\u00d3N REGIONAL<\/a><\/p>\n<p style=\"text-align: justify;\"><strong>Jos\u00e9 Miguel Pozo,<\/strong> Miembro del equipo de la Unidad Corte Internacional de Justicias del Ministerio de Relaciones Exteriores de Chile.<\/p>\n<p style=\"text-align: justify;\"><a href=\"https:\/\/gobierno.udd.cl\/estudio-rrii\/noticias\/2019\/04\/03\/obligacion-de-negociar-un-acceso-al-oceano-pacifico-la-demanda-de-bolivia-sus-origenes-el-desarrollo-del-juicio-y-su-sentencia\/\">OBLIGACI\u00d3N DE NEGOCIAR UN ACCESO AL OC\u00c9ANO PAC\u00cdFICO. LA DEMANDA DE BOLIVIA: SUS OR\u00cdGENES, EL DESARROLLO DEL JUICIO Y SU SENTENCIA<\/a><\/p>\n<p style=\"text-align: justify;\"><strong><span style=\"color: #000080;\">NOTICIAS<\/span><\/strong><\/p>\n<p style=\"text-align: justify;\">El Centro de Estudios de Relaciones Internacionales (CERI) de la Universidad del Desarrollo lanzar\u00e1 en agosto de este a\u00f1o un Diplomado en Estudios Internacionales&#8230; <a href=\"https:\/\/gobierno.udd.cl\/estudio-rrii\/noticias\/2019\/03\/19\/ceri-anuncia-nuevo-diplomado\/\"><span style=\"color: #000080;\"><strong>Ver+<\/strong><\/span><\/a><\/p>\n<p style=\"text-align: justify;\">Del 16 de enero al 01 de febrero, 14 personas visitaron Beijing y Shanghai. La novedad de este a\u00f1o estuvo marcada por dos interesantes charlas junto al\u00a0Agregado Comercial de ProChile en Beijing,\u00a0Andreas Pierotic, el Director Comercial de ProChile en China, Juan Jos\u00e9 Vidal y el C\u00f3nsul de Chile en Shanghai, Ignacio Concha&#8230;<span style=\"color: #000080;\"> <a style=\"color: #000080;\" href=\"https:\/\/gobierno.udd.cl\/estudio-rrii\/noticias\/2019\/03\/15\/exitoso-viaje-a-china-2019\/\"><strong>Ver+<\/strong><\/a><\/span><\/p>\n<p style=\"text-align: center;\"><strong>Prospectiva Internacional, Edici\u00f3n 28.<\/strong><\/p>\n<p style=\"text-align: center;\">\u00a0Dudas o m\u00e1s informaci\u00f3n contacta a <strong>Andr\u00e9s Mu\u00f1oz<\/strong> (ceri@udd.cl)<\/p>\n","protected":false},"excerpt":{"rendered":"<p>Prospectiva Internacional\u00a0es el Bolet\u00edn del Centro de Estudios de Relaciones Internacionales (CERI) que se emite bimestral con dos objetivos principales. El primero, contribuir al debate y a una comprensi\u00f3n detallada de algunos acontecimientos coyunturales de la realidad internacional, a trav\u00e9s de columnas de opini\u00f3n de acad\u00e9micos de la Facultad de Gobierno de la Universidad del [&hellip;]<\/p>\n","protected":false},"author":22,"featured_media":2452,"comment_status":"open","ping_status":"open","sticky":false,"template":"","format":"standard","meta":{"footnotes":""},"categories":[5512],"tags":[],"class_list":["post-2675","post","type-post","status-publish","format-standard","has-post-thumbnail","hentry","category-boletin-prospectiva-internacional"],"featured_image_url":"https:\/\/gobierno.udd.cl\/estudio-rrii\/files\/2018\/09\/CERI1-317x220-300x208.png","_links":{"self":[{"href":"https:\/\/gobierno.udd.cl\/estudio-rrii\/wp-json\/wp\/v2\/posts\/2675","targetHints":{"allow":["GET"]}}],"collection":[{"href":"https:\/\/gobierno.udd.cl\/estudio-rrii\/wp-json\/wp\/v2\/posts"}],"about":[{"href":"https:\/\/gobierno.udd.cl\/estudio-rrii\/wp-json\/wp\/v2\/types\/post"}],"author":[{"embeddable":true,"href":"https:\/\/gobierno.udd.cl\/estudio-rrii\/wp-json\/wp\/v2\/users\/22"}],"replies":[{"embeddable":true,"href":"https:\/\/gobierno.udd.cl\/estudio-rrii\/wp-json\/wp\/v2\/comments?post=2675"}],"version-history":[{"count":5,"href":"https:\/\/gobierno.udd.cl\/estudio-rrii\/wp-json\/wp\/v2\/posts\/2675\/revisions"}],"predecessor-version":[{"id":2680,"href":"https:\/\/gobierno.udd.cl\/estudio-rrii\/wp-json\/wp\/v2\/posts\/2675\/revisions\/2680"}],"wp:featuredmedia":[{"embeddable":true,"href":"https:\/\/gobierno.udd.cl\/estudio-rrii\/wp-json\/wp\/v2\/media\/2452"}],"wp:attachment":[{"href":"https:\/\/gobierno.udd.cl\/estudio-rrii\/wp-json\/wp\/v2\/media?parent=2675"}],"wp:term":[{"taxonomy":"category","embeddable":true,"href":"https:\/\/gobierno.udd.cl\/estudio-rrii\/wp-json\/wp\/v2\/categories?post=2675"},{"taxonomy":"post_tag","embeddable":true,"href":"https:\/\/gobierno.udd.cl\/estudio-rrii\/wp-json\/wp\/v2\/tags?post=2675"}],"curies":[{"name":"wp","href":"https:\/\/api.w.org\/{rel}","templated":true}]}}