{"id":2468,"date":"2018-09-06T22:17:11","date_gmt":"2018-09-07T01:17:11","guid":{"rendered":"http:\/\/gobierno.udd.cl\/estudio-rrii\/?p=2468"},"modified":"2019-04-29T16:44:30","modified_gmt":"2019-04-29T20:44:30","slug":"revisa-el-numero-27-de-prospectiva-internacional","status":"publish","type":"post","link":"https:\/\/gobierno.udd.cl\/estudio-rrii\/noticias\/2018\/09\/06\/revisa-el-numero-27-de-prospectiva-internacional\/","title":{"rendered":"Revisa el n\u00famero veintisiete de Prospectiva Internacional"},"content":{"rendered":"<p style=\"text-align: justify;\">Revisa el contenido del n\u00famero veintisiete de Prospectiva Internacional:<\/p>\n<p style=\"text-align: justify;\"><strong>Editorial<\/strong><\/p>\n<p style=\"text-align: justify;\">Por Yun-Tso Lee<\/p>\n<p style=\"text-align: justify;\">En la edici\u00f3n n\u00famero 27 del bolet\u00edn, los columnistas discuten sobre diversas realidades del escenario internacional actual. Desde los roles que desempe\u00f1an los organismos regionales en defensa de la democracia, pasando tambi\u00e9n por la crisis migratoria venezolana, hasta llegar al futuro papel que India desarrollar\u00e1 como potencia mundial&#8230;\u00a0<a href=\"http:\/\/gobierno.udd.cl\/estudio-rrii\/noticias\/2018\/09\/06\/editorial-n27\/\"><strong>Ver +\u00a0<\/strong><\/a><\/p>\n<h5 style=\"text-align: justify;\">ART\u00cdCULOS<\/h5>\n<p style=\"text-align: justify;\">Miguel \u00c1ngel Fern\u00e1ndez.\u00a0<strong><a href=\"http:\/\/gobierno.udd.cl\/estudio-rrii\/noticias\/2018\/09\/06\/la-fallida-promocion-democratica-en-nicaragua-y-venezuela\/\">La fallida promoci\u00f3n democr\u00e1tica en Nicaragua y Venezuela<\/a><\/strong><\/p>\n<p style=\"text-align: justify;\">Magdalena D\u00edaz. <strong><a href=\"http:\/\/gobierno.udd.cl\/estudio-rrii\/noticias\/2018\/09\/06\/india-el-despertar-del-gigante-asiatico-como-llego-a-ser-india-la-economia-de-mayor-crecimiento-del-2018-breves-reflexiones\/\">India, el despertar del gigante asi\u00e1tico \u00bfC\u00f3mo lleg\u00f3 a ser India la econom\u00eda de mayor crecimiento del 2018? Breves reflexiones<\/a><\/strong><\/p>\n<p style=\"text-align: justify;\">Felipe Crowhurst Pons. <strong><a href=\"http:\/\/gobierno.udd.cl\/estudio-rrii\/noticias\/2018\/09\/06\/el-llamado-de-ecuador-a-la-region-para-abordar-la-crisis-migratoria-venezolana-un-analisis-preliminar\/\">El llamado de Ecuador a la regi\u00f3n para abordar la crisis migratoria venezolana: un an\u00e1lisis preliminar<\/a><\/strong><\/p>\n<h5 style=\"text-align: justify;\">NOTICIAS<\/h5>\n<p style=\"text-align: justify;\">En India se desarroll\u00f3 una nueva versi\u00f3n del programa Embajadores del Futuro.\u00a0<a href=\"http:\/\/gobierno.udd.cl\/estudio-rrii\/noticias\/2018\/08\/27\/en-india-se-desarrollo-una-nueva-version-del-programa-embajadores-del-futuro\/\"><strong>Ver +<\/strong><\/a><\/p>\n<p style=\"text-align: justify;\">CERI organizar\u00e1 panel APEC en congreso ACCP. <a href=\"http:\/\/gobierno.udd.cl\/estudio-rrii\/noticias\/2018\/08\/27\/ceri-organizara-panel-apec-en-congreso-accp\/\"><strong>Ver +\u00a0<\/strong><\/a><\/p>\n<p style=\"text-align: justify;\">Revisa el n\u00famero 26 de Prospectiva Internacional. <a href=\"http:\/\/gobierno.udd.cl\/estudio-rrii\/noticias\/2018\/07\/03\/revisa-el-numero-26-de-prospectiva-internacional\/\"><strong>Ver +<\/strong><\/a><\/p>\n","protected":false},"excerpt":{"rendered":"<p>Revisa el contenido del n\u00famero veintisiete de Prospectiva Internacional: Editorial Por Yun-Tso Lee En la edici\u00f3n n\u00famero 27 del bolet\u00edn, los columnistas discuten sobre diversas realidades del escenario internacional actual. Desde los roles que desempe\u00f1an los organismos regionales en defensa de la democracia, pasando tambi\u00e9n por la crisis migratoria venezolana, hasta llegar al futuro papel [&hellip;]<\/p>\n","protected":false},"author":22,"featured_media":2452,"comment_status":"open","ping_status":"open","sticky":false,"template":"","format":"standard","meta":{"footnotes":""},"categories":[5512,4],"tags":[],"class_list":["post-2468","post","type-post","status-publish","format-standard","has-post-thumbnail","hentry","category-boletin-prospectiva-internacional","category-noticias"],"featured_image_url":"https:\/\/gobierno.udd.cl\/estudio-rrii\/files\/2018\/09\/CERI1-317x220-300x208.png","_links":{"self":[{"href":"https:\/\/gobierno.udd.cl\/estudio-rrii\/wp-json\/wp\/v2\/posts\/2468","targetHints":{"allow":["GET"]}}],"collection":[{"href":"https:\/\/gobierno.udd.cl\/estudio-rrii\/wp-json\/wp\/v2\/posts"}],"about":[{"href":"https:\/\/gobierno.udd.cl\/estudio-rrii\/wp-json\/wp\/v2\/types\/post"}],"author":[{"embeddable":true,"href":"https:\/\/gobierno.udd.cl\/estudio-rrii\/wp-json\/wp\/v2\/users\/22"}],"replies":[{"embeddable":true,"href":"https:\/\/gobierno.udd.cl\/estudio-rrii\/wp-json\/wp\/v2\/comments?post=2468"}],"version-history":[{"count":3,"href":"https:\/\/gobierno.udd.cl\/estudio-rrii\/wp-json\/wp\/v2\/posts\/2468\/revisions"}],"predecessor-version":[{"id":2674,"href":"https:\/\/gobierno.udd.cl\/estudio-rrii\/wp-json\/wp\/v2\/posts\/2468\/revisions\/2674"}],"wp:featuredmedia":[{"embeddable":true,"href":"https:\/\/gobierno.udd.cl\/estudio-rrii\/wp-json\/wp\/v2\/media\/2452"}],"wp:attachment":[{"href":"https:\/\/gobierno.udd.cl\/estudio-rrii\/wp-json\/wp\/v2\/media?parent=2468"}],"wp:term":[{"taxonomy":"category","embeddable":true,"href":"https:\/\/gobierno.udd.cl\/estudio-rrii\/wp-json\/wp\/v2\/categories?post=2468"},{"taxonomy":"post_tag","embeddable":true,"href":"https:\/\/gobierno.udd.cl\/estudio-rrii\/wp-json\/wp\/v2\/tags?post=2468"}],"curies":[{"name":"wp","href":"https:\/\/api.w.org\/{rel}","templated":true}]}}