{"id":2234,"date":"2017-11-10T21:44:51","date_gmt":"2017-11-11T00:44:51","guid":{"rendered":"http:\/\/gobierno.udd.cl\/estudio-rrii\/?p=2234"},"modified":"2017-11-10T21:47:12","modified_gmt":"2017-11-11T00:47:12","slug":"avanzando-la-logistica-del-ano-apec-chile-2019","status":"publish","type":"post","link":"https:\/\/gobierno.udd.cl\/estudio-rrii\/noticias\/2017\/11\/10\/avanzando-la-logistica-del-ano-apec-chile-2019\/","title":{"rendered":"Avanzando la log\u00edstica del a\u00f1o APEC Chile 2019"},"content":{"rendered":"<p style=\"text-align: center;\"><a href=\"http:\/\/gobierno.udd.cl\/estudio-rrii\/files\/2017\/11\/Foto-Art\u00edculo-3.jpeg\" rel=\"attachment wp-att-2235\"><img loading=\"lazy\" decoding=\"async\" class=\"alignnone size-medium wp-image-2235\" src=\"http:\/\/gobierno.udd.cl\/estudio-rrii\/files\/2017\/11\/Foto-Art\u00edculo-3-300x178.jpeg\" alt=\"Foto Art\u00edculo 3\" width=\"300\" height=\"178\" srcset=\"https:\/\/gobierno.udd.cl\/estudio-rrii\/files\/2017\/11\/Foto-Art\u00edculo-3-300x178.jpeg 300w, https:\/\/gobierno.udd.cl\/estudio-rrii\/files\/2017\/11\/Foto-Art\u00edculo-3-768x455.jpeg 768w, https:\/\/gobierno.udd.cl\/estudio-rrii\/files\/2017\/11\/Foto-Art\u00edculo-3-1024x606.jpeg 1024w, https:\/\/gobierno.udd.cl\/estudio-rrii\/files\/2017\/11\/Foto-Art\u00edculo-3-960x569.jpeg 960w, https:\/\/gobierno.udd.cl\/estudio-rrii\/files\/2017\/11\/Foto-Art\u00edculo-3.jpeg 1280w\" sizes=\"auto, (max-width: 300px) 100vw, 300px\" \/><\/a><\/p>\n<p style=\"text-align: justify;\">Por segunda vez desde nuestro ingreso formal al Foro de Cooperaci\u00f3n Econ\u00f3mica Asia Pac\u00edfico, Chile presidir\u00e1 y ser\u00e1 la econom\u00eda anfitriona en el 2019, de las m\u00e1s de 200 reuniones que conformar\u00e1n en esa ocasi\u00f3n la agenda del principal mecanismo de convergencia econ\u00f3mica y comercial de dicha regi\u00f3n. Si acaso nos guiamos estrictamente por el n\u00famero de acreditaciones que han sido empleadas durante los a\u00f1os APEC de Filipinas, Per\u00fa y Vietnam, debemos anticipar que no menos de 24 mil personas participar\u00e1n en las jornadas APEC a llevarse a cabo en Chile.<\/p>\n<p style=\"text-align: justify;\">El A\u00f1o APEC Chile se iniciar\u00e1 con la reuni\u00f3n informal de altos representantes, programada para el mes de diciembre del 2018. \u00a0El A\u00f1o APEC Chile concluir\u00e1 con la Cumbre Informal de Lideres Econ\u00f3micos, prevista para noviembre del 2019. Ser\u00e1 ah\u00ed cuando nuestro pa\u00eds, una de las 21 \u201ceconom\u00edas\u201d y la primera sudamericana en ingresar al Foro, recibir\u00e1 la visita de los jefes de gobierno o representantes de las m\u00e1s din\u00e1micas e influyentes econom\u00edas del Asia Pac\u00edfico, incluyendo a los presidentes de China y de los Estados Unidos, y el primer ministro de Jap\u00f3n, entre otras.<\/p>\n<p style=\"text-align: justify;\">La tarea por delante para Chile desde una perspectiva log\u00edstica no es para nada menor, considerando \u2013 por ejemplo \u2013 que el n\u00famero de grupos de trabajo, comit\u00e9s, \u00e1reas de inter\u00e9s como de responsabilidad que han sido asumidos como prioritarios e incluidos en declaraciones de l\u00edderes y\/o ministros, se ha traducido en un mayor despliegue como acci\u00f3n de parte de funcionarios gubernamentales, representantes del \u00e1mbito empresarial y acad\u00e9micos, todos ellos aportando iniciativas, proyectos como tambi\u00e9n de medidas concretas que implican ya ir anticipando el empleo de un mayor n\u00famero de habitaciones de hotel; salones para reuniones ampliadas y bilaterales; veh\u00edculos para transporte; sistemas de computaci\u00f3n para acreditaciones e informaci\u00f3n actualizada; log\u00edstica para alimentaci\u00f3n; comunicaciones; recepci\u00f3n y revisi\u00f3n en aeropuertos; convocatoria y alistamiento de voluntarios, entre muchos otros detalles que ya est\u00e1n siendo abordados por la Secretar\u00eda Ejecutiva APEC Chile 2019.<\/p>\n<p style=\"text-align: justify;\">Desde junio a la fecha, el equipo que conforma la Secretar\u00eda Ejecutiva APEC Chile ha sostenido m\u00e1s de un centenar de reuniones, \u00e9stas contando en suma con la participaci\u00f3n de m\u00e1s de 600 personas, tanto en Chile (incluyendo a la fecha Antofagasta e Iquique), como tambi\u00e9n en Singapur (Secretariado APEC) y en Hong Kong, esta \u00faltima ciudad en el marco del despliegue p\u00fablico\/privado en Chile Week.<\/p>\n<p style=\"text-align: justify;\">Todo lo anterior, guarda relaci\u00f3n con el objetivo de incentivar el conocimiento como la activa participaci\u00f3n de directivos y funcionarios gubernamentales, l\u00edderes de opini\u00f3n, protagonistas del accionar empresarial, analistas, acad\u00e9micos y estudiantes, integrantes del quehacer cultural, representantes de las fuerzas armadas y de orden, medios de comunicaci\u00f3n, entre otros, nos hemos desplegado a la fecha tanto en Santiago como en regiones. Y el trabajo en tal l\u00ednea est\u00e1 reci\u00e9n inici\u00e1ndose, teniendo sobre la mesa la responsabilidad de llevar el A\u00f1o APEC Chile 2019 a todo Chile, incorporando a la mayor cantidad de gentes no solo a su despliegue en t\u00e9rminos de los temas a ser incorporados dentro de agenda sustantiva a cargo del Policy Team en la Direcci\u00f3n General de Relaciones Econ\u00f3micas Internacionales, sino que tambi\u00e9n en cuanto a proyectar un Chile activo y comprometido con un futuro estrat\u00e9gicamente orientado en y con el Asia Pac\u00edfico.<\/p>\n<p style=\"text-align: justify;\">Nuestra reciente visita de trabajo y reuni\u00f3n con acad\u00e9micos de las Universidades Arturo Prat, Cat\u00f3lica de Chile, Cat\u00f3lica del Norte, Cat\u00f3lica de Valpara\u00edso, del Desarrollo, entre otras, nos ha permitido sumar a instituciones de estudios superiores comprometidas ante el cumplimiento comprensivo de un desaf\u00edo de primer orden para nuestra pol\u00edtica exterior.<\/p>\n<p style=\"text-align: justify;\">El trabajo siendo desplegado en estas semanas por la Secretar\u00eda Ejecutiva APEC Chile 2019 tiene por finalidad, entre otras \u00e1reas de inter\u00e9s y responsabilidad que diariamente est\u00e1n siendo abordadas, el acumular y evaluar la mayor cantidad de antecedentes relacionados con potenciales ciudades del pa\u00eds que pueden llegar a ser sede de reuniones de altos representantes, talleres, simposios y otras actividades de la agenda del Foro; ir identificando fechas concretas para la realizaci\u00f3n de \u00e9stas actividades como tambi\u00e9n percibir el grado de inter\u00e9s y de compromiso de fuerzas vivas de ciudades por ser ciudad-sede durante el A\u00f1o APEC Chile 2019; asistir a conferencias y reuniones en donde se quiere saber m\u00e1s sobre Chile, econom\u00eda anfitriona del proceso APEC; asistir a reuniones del A\u00f1o APEC Vietnam 2017, a fin de ver en terreno los preparativos como la puesta en escena de reuniones, almuerzos\/cenas, sistemas inform\u00e1ticos, transporte, etc; trabajar con entidades experimentadas como especializadas en temas tales como la elaboraci\u00f3n de la convocatoria internacional para la definici\u00f3n del logo que tendr\u00e1 un protagonismo relevante al momento de identificar a Chile entre los principales actores de Asia Pac\u00edfico; visualizar y, en lo posible, ir gradualmente identificando la conformaci\u00f3n y organizaci\u00f3n de equipos con personal de experiencia y trayectoria probada en las distintas \u00e1reas que deben ser abordadas de manera profesional, con un despliegue de energ\u00eda como tambi\u00e9n de compromiso sin par, teniendo presente cu\u00e1nto ha evolucionado un A\u00f1o APEC desde la \u00faltima vez que Chile fue anfitri\u00f3n, en el 2004, con lo que es hoy y ser\u00e1 en el 2019. J\u00f3venes son fundamentales en la ecuaci\u00f3n, m\u00e1s a\u00fan la incorporaci\u00f3n de voluntarios que reflejen el accionar de nuestras regiones con el Asia Pac\u00edfico; elaborar los presupuestos acotados para cuando se cuente con acceso a recursos de parte del Estado, poder abordar gastos que incluyen el habilitar oficinas y contratar a personal; tomar contacto con empresas que pueden llegar a interesarse en ser auspiciadores de APEC Chile 2019 (veh\u00edculos entre otros); proyectar y anticipar desaf\u00edos en comunicaciones y marketing, posicionamiento de Chile en las econom\u00edas APEC; transmitir todos los detalles a mano sobre lo que implica organizar el A\u00f1o APEC en Chile y, m\u00e1s importante a\u00fan, escuchar detalladamente las expectativas que se tienen para luego ir evaluando \u00e9stas con la realidad en terreno. Para este \u00faltimo punto, la Secretaria Ejecutiva APEC Chile 2019 ha tomado contacto con equipos responsables de haber organizado el A\u00f1o APEC en el Per\u00fa como en Filipinas y Vietnam.<\/p>\n<p style=\"text-align: justify;\">Ciertamente estamos ante un desaf\u00edo pa\u00eds que bien puede llegar a tener un impacto sumamente positivo no solo para Chile sino que tambi\u00e9n sobre cada uno de nuestros principales socios comerciales a nivel mundial. APEC Chile 2019 es una oportunidad de primer orden para un pa\u00eds tri-continental que es reconocido por su liderazgo en cuanto a liberalizaci\u00f3n del comercio y acceso a mercados m\u00e1s all\u00e1 de sus fronteras inmediatas; una econom\u00eda con sectores varios y emprendedores que se la juegan a diario, que pueden mucho m\u00e1s a\u00fan en el Asia Pac\u00edfico. En suma, para el trabajo por delante para el A\u00f1o APEC Chile 2019, nadie puede ni debe faltar. Son demasiados detalles, muchos de ellos pueden a primera vista ser considerados de poca importancia pero debemos pensar que para nuestros invitados de las 20 econom\u00edas APEC, tienen el potencial de marcar toda la diferencia. En la Secretar\u00eda Ejecutiva APEC Chile 2019 hay mucho por hacer, en equipo.<\/p>\n<p style=\"text-align: justify;\">\n<p><a href=\"#_ftnref1\" name=\"_ftn1\"><\/a><\/p>\n<div class=\"grid-8\" style=\"width: 400px; background-color: #efefef; padding: 15px;\">\n<div style=\"width: 50px; float: left; text-align: justify;\" align=\"left\"><\/div>\n<div style=\"width: 280px; float: right;\" align=\"right\">\n<h3>Mario Ignacio Artaza<\/h3>\n<p>Secretario Ejecutivo de APEC Chile 2019.<\/p>\n<\/div>\n<\/div>\n","protected":false},"excerpt":{"rendered":"<p>Por segunda vez desde nuestro ingreso formal al Foro de Cooperaci\u00f3n Econ\u00f3mica Asia Pac\u00edfico, Chile presidir\u00e1 y ser\u00e1 la econom\u00eda anfitriona en el 2019, de las m\u00e1s de 200 reuniones que conformar\u00e1n en esa ocasi\u00f3n la agenda del principal mecanismo de convergencia econ\u00f3mica y comercial de dicha regi\u00f3n. Si acaso nos guiamos estrictamente por el [&hellip;]<\/p>\n","protected":false},"author":22,"featured_media":2235,"comment_status":"open","ping_status":"open","sticky":false,"template":"","format":"standard","meta":{"footnotes":""},"categories":[5],"tags":[],"class_list":["post-2234","post","type-post","status-publish","format-standard","has-post-thumbnail","hentry","category-newsletter"],"featured_image_url":"https:\/\/gobierno.udd.cl\/estudio-rrii\/files\/2017\/11\/Foto-Art\u00edculo-3.jpeg","_links":{"self":[{"href":"https:\/\/gobierno.udd.cl\/estudio-rrii\/wp-json\/wp\/v2\/posts\/2234","targetHints":{"allow":["GET"]}}],"collection":[{"href":"https:\/\/gobierno.udd.cl\/estudio-rrii\/wp-json\/wp\/v2\/posts"}],"about":[{"href":"https:\/\/gobierno.udd.cl\/estudio-rrii\/wp-json\/wp\/v2\/types\/post"}],"author":[{"embeddable":true,"href":"https:\/\/gobierno.udd.cl\/estudio-rrii\/wp-json\/wp\/v2\/users\/22"}],"replies":[{"embeddable":true,"href":"https:\/\/gobierno.udd.cl\/estudio-rrii\/wp-json\/wp\/v2\/comments?post=2234"}],"version-history":[{"count":3,"href":"https:\/\/gobierno.udd.cl\/estudio-rrii\/wp-json\/wp\/v2\/posts\/2234\/revisions"}],"predecessor-version":[{"id":2238,"href":"https:\/\/gobierno.udd.cl\/estudio-rrii\/wp-json\/wp\/v2\/posts\/2234\/revisions\/2238"}],"wp:featuredmedia":[{"embeddable":true,"href":"https:\/\/gobierno.udd.cl\/estudio-rrii\/wp-json\/wp\/v2\/media\/2235"}],"wp:attachment":[{"href":"https:\/\/gobierno.udd.cl\/estudio-rrii\/wp-json\/wp\/v2\/media?parent=2234"}],"wp:term":[{"taxonomy":"category","embeddable":true,"href":"https:\/\/gobierno.udd.cl\/estudio-rrii\/wp-json\/wp\/v2\/categories?post=2234"},{"taxonomy":"post_tag","embeddable":true,"href":"https:\/\/gobierno.udd.cl\/estudio-rrii\/wp-json\/wp\/v2\/tags?post=2234"}],"curies":[{"name":"wp","href":"https:\/\/api.w.org\/{rel}","templated":true}]}}