{"id":2219,"date":"2017-10-27T15:45:11","date_gmt":"2017-10-27T18:45:11","guid":{"rendered":"http:\/\/gobierno.udd.cl\/estudio-rrii\/?p=2219"},"modified":"2017-11-10T21:57:11","modified_gmt":"2017-11-11T00:57:11","slug":"profesor-del-ceri-participa-en-simposio-internacional","status":"publish","type":"post","link":"https:\/\/gobierno.udd.cl\/estudio-rrii\/noticias\/2017\/10\/27\/profesor-del-ceri-participa-en-simposio-internacional\/","title":{"rendered":"Profesor del CERI participa en Simposio Internacional"},"content":{"rendered":"<p style=\"text-align: center;\"><a href=\"http:\/\/gobierno.udd.cl\/estudio-rrii\/files\/2017\/10\/Foto-Simposio-Internacional.png\" rel=\"attachment wp-att-2220\"><img loading=\"lazy\" decoding=\"async\" class=\"alignnone size-medium wp-image-2220\" src=\"http:\/\/gobierno.udd.cl\/estudio-rrii\/files\/2017\/10\/Foto-Simposio-Internacional-300x196.png\" alt=\"Foto Simposio Internacional\" width=\"300\" height=\"196\" srcset=\"https:\/\/gobierno.udd.cl\/estudio-rrii\/files\/2017\/10\/Foto-Simposio-Internacional-300x196.png 300w, https:\/\/gobierno.udd.cl\/estudio-rrii\/files\/2017\/10\/Foto-Simposio-Internacional-660x430.png 660w, https:\/\/gobierno.udd.cl\/estudio-rrii\/files\/2017\/10\/Foto-Simposio-Internacional.png 668w\" sizes=\"auto, (max-width: 300px) 100vw, 300px\" \/><\/a><\/p>\n<p style=\"text-align: justify;\">El pasado 12 y 13 de Octubre, el profesor Fernando Schmidt, investigador del Centro de Estudios de Relaciones Internacionales de nuestra universidad, particip\u00f3 como expositor en simposio internacional sobre las Relaciones entre Am\u00e9rica Latina y Asia Pac\u00edfico, organizado por la Universidad Alberto Hurtado, en el marco de la C\u00e1tedra Alianza Asia- Pac\u00edfico.<\/p>\n<p style=\"text-align: justify;\">El acad\u00e9mico de nuestra universidad particip\u00f3 con la ponencia \u201cOrganismos Gen\u00e9ticamente Modificados: La lucha de las ideas y regulaciones a trav\u00e9s del Pac\u00edfico\u201d, en la que analiz\u00f3 comparativamente los marcos normativos y de regulaci\u00f3n que rigen la producci\u00f3n, consumo y comercio de organismos gen\u00e9ticamente modificados tanto en Am\u00e9rica Latina como en el noreste de Asia.<\/p>\n<p style=\"text-align: justify;\">Se cont\u00f3 adem\u00e1s con la participaci\u00f3n de acad\u00e9micos de los distintos pa\u00edses miembros de la Alianza del Pac\u00edfico; M\u00e9xico, Colombia y Per\u00fa.<\/p>\n","protected":false},"excerpt":{"rendered":"<p>El pasado 12 y 13 de Octubre, el profesor Fernando Schmidt, investigador del Centro de Estudios de Relaciones Internacionales de nuestra universidad, particip\u00f3 como expositor en simposio internacional sobre las Relaciones entre Am\u00e9rica Latina y Asia Pac\u00edfico, organizado por la Universidad Alberto Hurtado, en el marco de la C\u00e1tedra Alianza Asia- Pac\u00edfico. El acad\u00e9mico de [&hellip;]<\/p>\n","protected":false},"author":22,"featured_media":2220,"comment_status":"open","ping_status":"open","sticky":false,"template":"","format":"standard","meta":{"footnotes":""},"categories":[5,4],"tags":[],"class_list":["post-2219","post","type-post","status-publish","format-standard","has-post-thumbnail","hentry","category-newsletter","category-noticias"],"featured_image_url":"https:\/\/gobierno.udd.cl\/estudio-rrii\/files\/2017\/10\/Foto-Simposio-Internacional.png","_links":{"self":[{"href":"https:\/\/gobierno.udd.cl\/estudio-rrii\/wp-json\/wp\/v2\/posts\/2219","targetHints":{"allow":["GET"]}}],"collection":[{"href":"https:\/\/gobierno.udd.cl\/estudio-rrii\/wp-json\/wp\/v2\/posts"}],"about":[{"href":"https:\/\/gobierno.udd.cl\/estudio-rrii\/wp-json\/wp\/v2\/types\/post"}],"author":[{"embeddable":true,"href":"https:\/\/gobierno.udd.cl\/estudio-rrii\/wp-json\/wp\/v2\/users\/22"}],"replies":[{"embeddable":true,"href":"https:\/\/gobierno.udd.cl\/estudio-rrii\/wp-json\/wp\/v2\/comments?post=2219"}],"version-history":[{"count":1,"href":"https:\/\/gobierno.udd.cl\/estudio-rrii\/wp-json\/wp\/v2\/posts\/2219\/revisions"}],"predecessor-version":[{"id":2221,"href":"https:\/\/gobierno.udd.cl\/estudio-rrii\/wp-json\/wp\/v2\/posts\/2219\/revisions\/2221"}],"wp:featuredmedia":[{"embeddable":true,"href":"https:\/\/gobierno.udd.cl\/estudio-rrii\/wp-json\/wp\/v2\/media\/2220"}],"wp:attachment":[{"href":"https:\/\/gobierno.udd.cl\/estudio-rrii\/wp-json\/wp\/v2\/media?parent=2219"}],"wp:term":[{"taxonomy":"category","embeddable":true,"href":"https:\/\/gobierno.udd.cl\/estudio-rrii\/wp-json\/wp\/v2\/categories?post=2219"},{"taxonomy":"post_tag","embeddable":true,"href":"https:\/\/gobierno.udd.cl\/estudio-rrii\/wp-json\/wp\/v2\/tags?post=2219"}],"curies":[{"name":"wp","href":"https:\/\/api.w.org\/{rel}","templated":true}]}}