{"id":2216,"date":"2017-10-27T15:40:13","date_gmt":"2017-10-27T18:40:13","guid":{"rendered":"http:\/\/gobierno.udd.cl\/estudio-rrii\/?p=2216"},"modified":"2017-11-10T21:57:34","modified_gmt":"2017-11-11T00:57:34","slug":"ceri-organiza-foro-la-participacion-la-academia-china-ciencias-sociales","status":"publish","type":"post","link":"https:\/\/gobierno.udd.cl\/estudio-rrii\/noticias\/2017\/10\/27\/ceri-organiza-foro-la-participacion-la-academia-china-ciencias-sociales\/","title":{"rendered":"CERI organiza foro con la participaci\u00f3n de la Academia China de Ciencias Sociales"},"content":{"rendered":"<p style=\"text-align: center;\"><a href=\"http:\/\/gobierno.udd.cl\/files\/2017\/10\/cHINA.jpg\" rel=\"attachment wp-att-17592\"><img loading=\"lazy\" decoding=\"async\" class=\"alignnone size-medium wp-image-17592\" src=\"http:\/\/gobierno.udd.cl\/files\/2017\/10\/cHINA-300x196.jpg\" alt=\"cHINA\" width=\"300\" height=\"196\" \/><\/a><\/p>\n<p style=\"text-align: justify;\">El Centro de Estudios de Relaciones Internacionales de la universidad organiz\u00f3, el 18 de octubre pasado, el foro \u201cPragmatismo: Nuevos Escenarios de Cooperaci\u00f3n entre Chile y China\u201d.<\/p>\n<p style=\"text-align: justify;\">Dicho foro cont\u00f3 con la asistencia de una importante delegaci\u00f3n de la Academia China de Ciencias Sociales, encabezada por Wu Baiyi, Director e Investigador del Instituto de Am\u00e9rica Latina de la Academia; junto tambi\u00e9n con la participaci\u00f3n de las autoridades de la Facultad de Gobierno de la universidad e invitados.<\/p>\n<p style=\"text-align: justify;\">En esta ocasi\u00f3n se discuti\u00f3 sobre la actualidad china y sus problemas a enfrentar, la iniciativa\u00a0<em>One Belt, One Road<\/em>, la Alianza del Pac\u00edfico y los desaf\u00edos de cooperaci\u00f3n en el marco de APEC Chile 2019.<\/p>\n","protected":false},"excerpt":{"rendered":"<p>El Centro de Estudios de Relaciones Internacionales de la universidad organiz\u00f3, el 18 de octubre pasado, el foro \u201cPragmatismo: Nuevos Escenarios de Cooperaci\u00f3n entre Chile y China\u201d. Dicho foro cont\u00f3 con la asistencia de una importante delegaci\u00f3n de la Academia China de Ciencias Sociales, encabezada por Wu Baiyi, Director e Investigador del Instituto de Am\u00e9rica [&hellip;]<\/p>\n","protected":false},"author":22,"featured_media":2217,"comment_status":"open","ping_status":"open","sticky":false,"template":"","format":"standard","meta":{"footnotes":""},"categories":[5,4],"tags":[],"class_list":["post-2216","post","type-post","status-publish","format-standard","has-post-thumbnail","hentry","category-newsletter","category-noticias"],"featured_image_url":"https:\/\/gobierno.udd.cl\/estudio-rrii\/files\/2017\/10\/cHINA.jpg","_links":{"self":[{"href":"https:\/\/gobierno.udd.cl\/estudio-rrii\/wp-json\/wp\/v2\/posts\/2216","targetHints":{"allow":["GET"]}}],"collection":[{"href":"https:\/\/gobierno.udd.cl\/estudio-rrii\/wp-json\/wp\/v2\/posts"}],"about":[{"href":"https:\/\/gobierno.udd.cl\/estudio-rrii\/wp-json\/wp\/v2\/types\/post"}],"author":[{"embeddable":true,"href":"https:\/\/gobierno.udd.cl\/estudio-rrii\/wp-json\/wp\/v2\/users\/22"}],"replies":[{"embeddable":true,"href":"https:\/\/gobierno.udd.cl\/estudio-rrii\/wp-json\/wp\/v2\/comments?post=2216"}],"version-history":[{"count":1,"href":"https:\/\/gobierno.udd.cl\/estudio-rrii\/wp-json\/wp\/v2\/posts\/2216\/revisions"}],"predecessor-version":[{"id":2218,"href":"https:\/\/gobierno.udd.cl\/estudio-rrii\/wp-json\/wp\/v2\/posts\/2216\/revisions\/2218"}],"wp:featuredmedia":[{"embeddable":true,"href":"https:\/\/gobierno.udd.cl\/estudio-rrii\/wp-json\/wp\/v2\/media\/2217"}],"wp:attachment":[{"href":"https:\/\/gobierno.udd.cl\/estudio-rrii\/wp-json\/wp\/v2\/media?parent=2216"}],"wp:term":[{"taxonomy":"category","embeddable":true,"href":"https:\/\/gobierno.udd.cl\/estudio-rrii\/wp-json\/wp\/v2\/categories?post=2216"},{"taxonomy":"post_tag","embeddable":true,"href":"https:\/\/gobierno.udd.cl\/estudio-rrii\/wp-json\/wp\/v2\/tags?post=2216"}],"curies":[{"name":"wp","href":"https:\/\/api.w.org\/{rel}","templated":true}]}}