{"id":2201,"date":"2017-09-10T23:13:09","date_gmt":"2017-09-11T02:13:09","guid":{"rendered":"http:\/\/gobierno.udd.cl\/estudio-rrii\/?p=2201"},"modified":"2017-09-10T23:13:09","modified_gmt":"2017-09-11T02:13:09","slug":"barcelona-un-referendum-bajo-la-sombra-del-terrorismo","status":"publish","type":"post","link":"https:\/\/gobierno.udd.cl\/estudio-rrii\/noticias\/2017\/09\/10\/barcelona-un-referendum-bajo-la-sombra-del-terrorismo\/","title":{"rendered":"Barcelona \u2026 un refer\u00e9ndum bajo la sombra del terrorismo"},"content":{"rendered":"<p><a href=\"http:\/\/gobierno.udd.cl\/estudio-rrii\/files\/2017\/09\/Foto-Art\u00edculo-2.jpg\" rel=\"attachment wp-att-2202\"><img loading=\"lazy\" decoding=\"async\" class=\"size-medium wp-image-2202\" src=\"http:\/\/gobierno.udd.cl\/estudio-rrii\/files\/2017\/09\/Foto-Art\u00edculo-2-300x217.jpg\" alt=\"An injured person is treated in Barcelona, Spain, Thursday, Aug. 17, 2017 after a white van jumped the sidewalk in the historic Las Ramblas district, crashing into a summer crowd of residents and tourists and injuring several people, police said. (AP Photo\/Oriol Duran)\" width=\"300\" height=\"217\" srcset=\"https:\/\/gobierno.udd.cl\/estudio-rrii\/files\/2017\/09\/Foto-Art\u00edculo-2-300x217.jpg 300w, https:\/\/gobierno.udd.cl\/estudio-rrii\/files\/2017\/09\/Foto-Art\u00edculo-2-768x556.jpg 768w, https:\/\/gobierno.udd.cl\/estudio-rrii\/files\/2017\/09\/Foto-Art\u00edculo-2-1024x741.jpg 1024w, https:\/\/gobierno.udd.cl\/estudio-rrii\/files\/2017\/09\/Foto-Art\u00edculo-2-87x62.jpg 87w, https:\/\/gobierno.udd.cl\/estudio-rrii\/files\/2017\/09\/Foto-Art\u00edculo-2-960x695.jpg 960w, https:\/\/gobierno.udd.cl\/estudio-rrii\/files\/2017\/09\/Foto-Art\u00edculo-2.jpg 1920w\" sizes=\"auto, (max-width: 300px) 100vw, 300px\" \/><\/a><\/p>\n<p style=\"text-align: justify;\">Una de las ciudad m\u00e1s importantes de Espa\u00f1a, y destino obligado de miles de turistas es la ciudad de Barcelona. Este puerto donde conviven miles de nacionalidades ha estado en el centro de la noticia los \u00faltimos d\u00edas a ra\u00edz de un atentado que ha cobrado la vida de 16 personas. Esta cifra podr\u00eda seguir aumentando. La sombra de Isis se hizo caer sobre el paseo de la Rambla (Unos de los lugares m\u00e1s concurridos de dicha ciudad) con un mecanismo utilizado en varias ciudades y capitales europeas: Un auto, cami\u00f3n en este caso un furg\u00f3n manejado a toda velocidad y atropellando a quien se cruce por su camino. Berl\u00edn, Londres y Niza ya hab\u00edan sido objeto de atentados similares. Es por esta raz\u00f3n que muchas ciudades de Europa, en especial aquellas importantes, est\u00e1n bajo la mirada atenta de los sistemas de seguridad locales y nacionales para impedir ataques de este tipo. Entonces \u00bfQu\u00e9 fall\u00f3 en este caso? Barcelona estaba bajo alerta y era una de las ciudades potencialmente fr\u00e1gil para recibir este tipo de ataques, ya que las pol\u00edticas del Municipio de Ada Colau (Podemos) han sido de muchas aperturas con extranjeros que escapan de la guerra de Siria o desde el continente africano.<\/p>\n<p style=\"text-align: justify;\">Por eso no parecer\u00eda extra\u00f1o que este atentado influya de manera importante en el refer\u00e9ndum que el gobierno auton\u00f3mico quiere celebrar fuera de la constituci\u00f3n el pr\u00f3ximo 01 de Octubre. Ya lo hizo en la elecci\u00f3n del parlamento Londinense cuando todos aseguraban un triunfo aplastante de la primera ministra May, un atentado similar la hizo ver d\u00e9bil y poco preparada.<\/p>\n<p style=\"text-align: justify;\">Si bien desde el punto constitucional es discutible la realizaci\u00f3n de un refer\u00e9ndum independentista\u2013 el gobierno de Rajoy ha anunciado que har\u00e1 todo para que no se realice \u2013 pareciera que el sentimiento de independencia podr\u00eda variar despu\u00e9s de los atentados. Uno de los valores fundamentales reclama toda sociedad es la seguridad de sus ciudadanos, y este ha quedado demostrado que esta en tela de juicio luego del atentado.\u00a0 La Generalitat y el Municipio de Barcelona fallaron donde menos pod\u00edan fallar. Seguridad para los catalanes. Es por eso que no resultaron extra\u00f1as las manifestaciones de grupos independentistas extremos en el acto en memoria de las personas fallecidas donde particip\u00f3\u00a0 el rey y el presidente del gobierno espa\u00f1ol. Ambos defensores de la unidad de toda Espa\u00f1a. Estos grupos quer\u00edan recordarle a los catalanes que lo que quieren es jugar fuera de la cancha espa\u00f1ola, pero al parecer muchos, despu\u00e9s del atentado en La Rambla, prefieren hacerlo dentro.<\/p>\n<p style=\"text-align: justify;\">\n<div class=\"grid-8\" style=\"width: 400px; background-color: #efefef; padding: 15px;\">\n<div style=\"width: 50px; float: left; text-align: justify;\" align=\"left\"><\/div>\n<div style=\"width: 280px; float: right;\" align=\"right\">\n<h3>Rodrigo Arellano<\/h3>\n<p>Docente de la Facultad de Gobierno.<br \/>\nFacultad de Gobierno, Universidad del Desarrollo.<\/p>\n<\/div>\n<\/div>\n","protected":false},"excerpt":{"rendered":"<p>Una de las ciudad m\u00e1s importantes de Espa\u00f1a, y destino obligado de miles de turistas es la ciudad de Barcelona. Este puerto donde conviven miles de nacionalidades ha estado en el centro de la noticia los \u00faltimos d\u00edas a ra\u00edz de un atentado que ha cobrado la vida de 16 personas. Esta cifra podr\u00eda seguir [&hellip;]<\/p>\n","protected":false},"author":22,"featured_media":0,"comment_status":"open","ping_status":"open","sticky":false,"template":"","format":"standard","meta":{"footnotes":""},"categories":[5],"tags":[],"class_list":["post-2201","post","type-post","status-publish","format-standard","hentry","category-newsletter"],"featured_image_url":null,"_links":{"self":[{"href":"https:\/\/gobierno.udd.cl\/estudio-rrii\/wp-json\/wp\/v2\/posts\/2201","targetHints":{"allow":["GET"]}}],"collection":[{"href":"https:\/\/gobierno.udd.cl\/estudio-rrii\/wp-json\/wp\/v2\/posts"}],"about":[{"href":"https:\/\/gobierno.udd.cl\/estudio-rrii\/wp-json\/wp\/v2\/types\/post"}],"author":[{"embeddable":true,"href":"https:\/\/gobierno.udd.cl\/estudio-rrii\/wp-json\/wp\/v2\/users\/22"}],"replies":[{"embeddable":true,"href":"https:\/\/gobierno.udd.cl\/estudio-rrii\/wp-json\/wp\/v2\/comments?post=2201"}],"version-history":[{"count":1,"href":"https:\/\/gobierno.udd.cl\/estudio-rrii\/wp-json\/wp\/v2\/posts\/2201\/revisions"}],"predecessor-version":[{"id":2203,"href":"https:\/\/gobierno.udd.cl\/estudio-rrii\/wp-json\/wp\/v2\/posts\/2201\/revisions\/2203"}],"wp:attachment":[{"href":"https:\/\/gobierno.udd.cl\/estudio-rrii\/wp-json\/wp\/v2\/media?parent=2201"}],"wp:term":[{"taxonomy":"category","embeddable":true,"href":"https:\/\/gobierno.udd.cl\/estudio-rrii\/wp-json\/wp\/v2\/categories?post=2201"},{"taxonomy":"post_tag","embeddable":true,"href":"https:\/\/gobierno.udd.cl\/estudio-rrii\/wp-json\/wp\/v2\/tags?post=2201"}],"curies":[{"name":"wp","href":"https:\/\/api.w.org\/{rel}","templated":true}]}}