{"id":2188,"date":"2017-09-10T22:33:04","date_gmt":"2017-09-11T01:33:04","guid":{"rendered":"http:\/\/gobierno.udd.cl\/estudio-rrii\/?p=2188"},"modified":"2017-09-10T22:35:33","modified_gmt":"2017-09-11T01:35:33","slug":"editorial-no-21","status":"publish","type":"post","link":"https:\/\/gobierno.udd.cl\/estudio-rrii\/noticias\/2017\/09\/10\/editorial-no-21\/","title":{"rendered":"EDITORIAL N\u00ba 21"},"content":{"rendered":"<p style=\"text-align: justify;\">Prospectiva Internacional es el Bolet\u00edn del Centro de Estudios de Relaciones Internacionales (CERI) que se emite cada dos meses con dos objetivos principales. El primero, contribuir al debate y a una comprensi\u00f3n detallada de algunos acontecimientos coyunturales de la realidad internacional, a trav\u00e9s de columnas de opini\u00f3n de los acad\u00e9micos de la Facultad de Gobierno de la Universidad del Desarrollo. El segundo, dar a conocer a nuestros lectores las actividades que se est\u00e1n realizando en nuestro centro de investigaci\u00f3n CERI.<\/p>\n<p style=\"text-align: justify;\">En el bolet\u00edn n\u00famero 21 de Prospectiva Internacional, los columnistas buscan contribuir al entendimiento del escenario internacional actual tratando temas de gran relevancia. Se analiza desde el actuar estrat\u00e9gico de China en el \u00e1mbito global, pasando tambi\u00e9n por la grave situaci\u00f3n actual de Venezuela, hasta llegar al tema del reciente atentado en La Rambla de la ciudad de Barcelona y sus consecuencias.<\/p>\n<p style=\"text-align: justify;\">Fernando Schmidt analiza en su art\u00edculo el poder econ\u00f3mico que tiene China y c\u00f3mo lo utiliza mediante retaliaciones econ\u00f3micas para influenciar en su agenda pol\u00edtica\/estrat\u00e9gica en el \u00e1mbito internacional.\u00a0 Algunos pa\u00edses como Jap\u00f3n, Filipinas y Corea del Sur han sufrido estas retaliaciones por parte de China; por lo que el columnista se cuestiona que pasar\u00eda con Chile si se opta por intereses estrat\u00e9gicos contrarios a los de China.<\/p>\n<p style=\"text-align: justify;\">Rodrigo Arellano hace referencia en su art\u00edculo al m\u00e1s reciente atentado terrorista ocurrido en Barcelona el pasado 17 de agosto de 2017, y el c\u00f3mo este hecho podr\u00e1 afectar en el refer\u00e9ndum que quiere celebrar el gobierno auton\u00f3mico el pr\u00f3ximo 1 de octubre en Catalu\u00f1a.<\/p>\n<p style=\"text-align: justify;\">Jorge Sanz hace un extenso an\u00e1lisis a la crisis que vive hoy Venezuela. Trata de entender el c\u00f3mo, desde Hugo Ch\u00e1vez, el pa\u00eds fue cambiando y evolucionando poco a poco entrando hacia la crisis que sufre en la actualidad el pa\u00eds.<\/p>\n<div class=\"grid-8\" style=\"width: 400px; background-color: #efefef; padding: 15px;\">\n<div style=\"width: 50px; float: left; text-align: justify;\" align=\"left\"><\/div>\n<div style=\"width: 280px; float: right;\" align=\"right\">\n<h3>Yun-Tso Lee<\/h3>\n<p>Director del Centro de Estudios de Relaciones Internacionales (CERI)<br \/>\nFacultad de Gobierno, Universidad del Desarrollo<br \/>\nDoctor en Ciencias Pol\u00edticas y Sociolog\u00eda, Universidad Complutense de Madrid<br \/>\n<a href=\"mailto:ylee@udd.cl\">ylee@udd.cl<\/a><\/p>\n<\/div>\n<\/div>\n","protected":false},"excerpt":{"rendered":"<p>En el bolet\u00edn n\u00famero 21 de Prospectiva Internacional, los columnistas buscan contribuir al entendimiento del escenario internacional actual tratando temas de gran relevancia. Se analiza desde el actuar estrat\u00e9gico de China en el \u00e1mbito global, pasando tambi\u00e9n por la grave situaci\u00f3n actual de Venezuela, hasta llegar al tema del reciente atentado en La Rambla de la ciudad de Barcelona y sus consecuencias. <\/p>\n","protected":false},"author":22,"featured_media":2189,"comment_status":"open","ping_status":"open","sticky":false,"template":"","format":"standard","meta":{"footnotes":""},"categories":[5],"tags":[],"class_list":["post-2188","post","type-post","status-publish","format-standard","has-post-thumbnail","hentry","category-newsletter"],"featured_image_url":"https:\/\/gobierno.udd.cl\/estudio-rrii\/files\/2017\/09\/CERI1-317x220-300x208.png","_links":{"self":[{"href":"https:\/\/gobierno.udd.cl\/estudio-rrii\/wp-json\/wp\/v2\/posts\/2188","targetHints":{"allow":["GET"]}}],"collection":[{"href":"https:\/\/gobierno.udd.cl\/estudio-rrii\/wp-json\/wp\/v2\/posts"}],"about":[{"href":"https:\/\/gobierno.udd.cl\/estudio-rrii\/wp-json\/wp\/v2\/types\/post"}],"author":[{"embeddable":true,"href":"https:\/\/gobierno.udd.cl\/estudio-rrii\/wp-json\/wp\/v2\/users\/22"}],"replies":[{"embeddable":true,"href":"https:\/\/gobierno.udd.cl\/estudio-rrii\/wp-json\/wp\/v2\/comments?post=2188"}],"version-history":[{"count":2,"href":"https:\/\/gobierno.udd.cl\/estudio-rrii\/wp-json\/wp\/v2\/posts\/2188\/revisions"}],"predecessor-version":[{"id":2193,"href":"https:\/\/gobierno.udd.cl\/estudio-rrii\/wp-json\/wp\/v2\/posts\/2188\/revisions\/2193"}],"wp:featuredmedia":[{"embeddable":true,"href":"https:\/\/gobierno.udd.cl\/estudio-rrii\/wp-json\/wp\/v2\/media\/2189"}],"wp:attachment":[{"href":"https:\/\/gobierno.udd.cl\/estudio-rrii\/wp-json\/wp\/v2\/media?parent=2188"}],"wp:term":[{"taxonomy":"category","embeddable":true,"href":"https:\/\/gobierno.udd.cl\/estudio-rrii\/wp-json\/wp\/v2\/categories?post=2188"},{"taxonomy":"post_tag","embeddable":true,"href":"https:\/\/gobierno.udd.cl\/estudio-rrii\/wp-json\/wp\/v2\/tags?post=2188"}],"curies":[{"name":"wp","href":"https:\/\/api.w.org\/{rel}","templated":true}]}}