{"id":2181,"date":"2017-09-03T13:08:57","date_gmt":"2017-09-03T16:08:57","guid":{"rendered":"http:\/\/gobierno.udd.cl\/estudio-rrii\/?p=2181"},"modified":"2017-09-13T06:26:03","modified_gmt":"2017-09-13T09:26:03","slug":"ceri-organizo-charla-sobre-las-organizaciones-internacionales","status":"publish","type":"post","link":"https:\/\/gobierno.udd.cl\/estudio-rrii\/noticias\/2017\/09\/03\/ceri-organizo-charla-sobre-las-organizaciones-internacionales\/","title":{"rendered":"CERI organiz\u00f3 charla sobre las Organizaciones Internacionales"},"content":{"rendered":"<p><a href=\"http:\/\/gobierno.udd.cl\/estudio-rrii\/files\/2017\/09\/Consejo-ONU.jpg\" rel=\"attachment wp-att-2182\"><img loading=\"lazy\" decoding=\"async\" class=\"size-full wp-image-2182 aligncenter\" src=\"http:\/\/gobierno.udd.cl\/estudio-rrii\/files\/2017\/09\/Consejo-ONU.jpg\" alt=\"Consejo ONU\" width=\"248\" height=\"162\" \/><\/a><\/p>\n<p style=\"text-align: justify;\">El pasado 31 de agosto, el Centro de Estudios de Relaciones Internacionales (CERI) de la Facultad de Gobierno organiz\u00f3 la charla \u201cOrganizaciones Internacionales\u201d, donde el expositor fue el profesor Jorge Sanz Jofr\u00e9; y a la cual se invit\u00f3 a todos los alumnos interesados en la actualidad internacional a participar.<\/p>\n<p style=\"text-align: justify;\">Se habl\u00f3, b\u00e1sicamente, sobre el c\u00f3mo han surgido dichas organizaciones en determinados contextos a lo largo de la historia y el rol de cada Estado en su conformaci\u00f3n, el c\u00f3mo han cambiado y evolucionado en distintos tipos de entidades, y c\u00f3mo funcionan cada una de ellas.<\/p>\n","protected":false},"excerpt":{"rendered":"<p>El pasado 31 de agosto, el Centro de Estudios de Relaciones Internacionales (CERI) de la Facultad de Gobierno organiz\u00f3 la charla \u201cOrganizaciones Internacionales\u201d, donde el expositor fue el profesor Jorge Sanz Jofr\u00e9; y a la cual se invit\u00f3 a todos los alumnos interesados en la actualidad internacional a participar. Se habl\u00f3, b\u00e1sicamente, sobre el c\u00f3mo [&hellip;]<\/p>\n","protected":false},"author":22,"featured_media":2182,"comment_status":"open","ping_status":"open","sticky":false,"template":"","format":"standard","meta":{"footnotes":""},"categories":[5,4],"tags":[],"class_list":["post-2181","post","type-post","status-publish","format-standard","has-post-thumbnail","hentry","category-newsletter","category-noticias"],"featured_image_url":"https:\/\/gobierno.udd.cl\/estudio-rrii\/files\/2017\/09\/Consejo-ONU.jpg","_links":{"self":[{"href":"https:\/\/gobierno.udd.cl\/estudio-rrii\/wp-json\/wp\/v2\/posts\/2181","targetHints":{"allow":["GET"]}}],"collection":[{"href":"https:\/\/gobierno.udd.cl\/estudio-rrii\/wp-json\/wp\/v2\/posts"}],"about":[{"href":"https:\/\/gobierno.udd.cl\/estudio-rrii\/wp-json\/wp\/v2\/types\/post"}],"author":[{"embeddable":true,"href":"https:\/\/gobierno.udd.cl\/estudio-rrii\/wp-json\/wp\/v2\/users\/22"}],"replies":[{"embeddable":true,"href":"https:\/\/gobierno.udd.cl\/estudio-rrii\/wp-json\/wp\/v2\/comments?post=2181"}],"version-history":[{"count":3,"href":"https:\/\/gobierno.udd.cl\/estudio-rrii\/wp-json\/wp\/v2\/posts\/2181\/revisions"}],"predecessor-version":[{"id":2185,"href":"https:\/\/gobierno.udd.cl\/estudio-rrii\/wp-json\/wp\/v2\/posts\/2181\/revisions\/2185"}],"wp:featuredmedia":[{"embeddable":true,"href":"https:\/\/gobierno.udd.cl\/estudio-rrii\/wp-json\/wp\/v2\/media\/2182"}],"wp:attachment":[{"href":"https:\/\/gobierno.udd.cl\/estudio-rrii\/wp-json\/wp\/v2\/media?parent=2181"}],"wp:term":[{"taxonomy":"category","embeddable":true,"href":"https:\/\/gobierno.udd.cl\/estudio-rrii\/wp-json\/wp\/v2\/categories?post=2181"},{"taxonomy":"post_tag","embeddable":true,"href":"https:\/\/gobierno.udd.cl\/estudio-rrii\/wp-json\/wp\/v2\/tags?post=2181"}],"curies":[{"name":"wp","href":"https:\/\/api.w.org\/{rel}","templated":true}]}}