{"id":2145,"date":"2017-07-10T21:45:58","date_gmt":"2017-07-11T01:45:58","guid":{"rendered":"http:\/\/gobierno.udd.cl\/estudio-rrii\/?p=2145"},"modified":"2017-07-10T21:45:58","modified_gmt":"2017-07-11T01:45:58","slug":"como-comunicar-a-china-estrategias-interpersonales-y-corporativas","status":"publish","type":"post","link":"https:\/\/gobierno.udd.cl\/estudio-rrii\/noticias\/2017\/07\/10\/como-comunicar-a-china-estrategias-interpersonales-y-corporativas\/","title":{"rendered":"Como comunicar a China: Estrategias Interpersonales y corporativas"},"content":{"rendered":"<div id=\"gallery-1\" class=\"carousel slide carousel-gallery\" data-ride=\"false\" data-interval=\"false\"><div class=\"carousel-inner\" role=\"listbox\"><figure class=\"carousel-item active\"><img loading=\"lazy\" decoding=\"async\" width=\"712\" height=\"534\" src=\"https:\/\/gobierno.udd.cl\/estudio-rrii\/files\/2017\/06\/IMG_20170627_131030-e1499737496288-800x450.jpg\" class=\"attachment-landscape_952 size-landscape_952 lazyload\" alt=\"\" sizes=\"auto, (max-width: 712px) 100vw, 712px\" data-src=\"https:\/\/gobierno.udd.cl\/estudio-rrii\/files\/2017\/06\/IMG_20170627_131030-e1499737496288.jpg\" data-srcset=\"https:\/\/gobierno.udd.cl\/estudio-rrii\/files\/2017\/06\/IMG_20170627_131030-e1499737496288.jpg 4160w, https:\/\/gobierno.udd.cl\/estudio-rrii\/files\/2017\/06\/IMG_20170627_131030-e1499737496288-300x225.jpg 300w, https:\/\/gobierno.udd.cl\/estudio-rrii\/files\/2017\/06\/IMG_20170627_131030-e1499737496288-768x576.jpg 768w, https:\/\/gobierno.udd.cl\/estudio-rrii\/files\/2017\/06\/IMG_20170627_131030-e1499737496288-1024x768.jpg 1024w, https:\/\/gobierno.udd.cl\/estudio-rrii\/files\/2017\/06\/IMG_20170627_131030-e1499737496288-960x720.jpg 960w\" \/><\/figure><figure class=\"carousel-item\"><img loading=\"lazy\" decoding=\"async\" width=\"712\" height=\"534\" src=\"https:\/\/gobierno.udd.cl\/estudio-rrii\/files\/2017\/06\/IMG_20170627_131859-e1499737534361-800x450.jpg\" class=\"attachment-landscape_952 size-landscape_952 lazyload\" alt=\"\" sizes=\"auto, (max-width: 712px) 100vw, 712px\" data-src=\"https:\/\/gobierno.udd.cl\/estudio-rrii\/files\/2017\/06\/IMG_20170627_131859-e1499737534361.jpg\" data-srcset=\"https:\/\/gobierno.udd.cl\/estudio-rrii\/files\/2017\/06\/IMG_20170627_131859-e1499737534361.jpg 4160w, https:\/\/gobierno.udd.cl\/estudio-rrii\/files\/2017\/06\/IMG_20170627_131859-e1499737534361-300x225.jpg 300w, https:\/\/gobierno.udd.cl\/estudio-rrii\/files\/2017\/06\/IMG_20170627_131859-e1499737534361-768x576.jpg 768w, https:\/\/gobierno.udd.cl\/estudio-rrii\/files\/2017\/06\/IMG_20170627_131859-e1499737534361-1024x768.jpg 1024w, https:\/\/gobierno.udd.cl\/estudio-rrii\/files\/2017\/06\/IMG_20170627_131859-e1499737534361-960x720.jpg 960w\" \/><\/figure><\/div><footer class=\"carousel-footer\"><div class=\"carousel-counter\"><span class=\"carousel-counter-current\"><\/span> \/ <span class=\"carousel-counter-total\"><\/span><\/div><a class=\"carousel-control-prev\" href=\"#gallery-1\" role=\"button\" data-slide=\"prev\"><svg aria-hidden=\"true\" class=\"svg-chevron-left-dims\"><use xlink:href='https:\/\/gobierno.udd.cl\/estudio-rrii\/wp-content\/themes\/facultades-2018\/assets\/img\/svg\/dist\/main.svg?version=1695853099#chevron-left'><\/use><\/svg><span class=\"sr-only\">Anterior<\/span><\/a><a class=\"carousel-control-next\" href=\"#gallery-1\" role=\"button\" data-slide=\"next\"><svg aria-hidden=\"true\" class=\"svg-chevron-right-dims\"><use xlink:href='https:\/\/gobierno.udd.cl\/estudio-rrii\/wp-content\/themes\/facultades-2018\/assets\/img\/svg\/dist\/main.svg?version=1695853099#chevron-right'><\/use><\/svg><span class=\"sr-only\">Siguiente<\/span><\/a><\/footer><\/div>\n<p style=\"text-align: justify;\">El Centro de Estudios de Relaciones Internacionales de la universidad recibi\u00f3, el pasado 27 de junio, a la profesora Claudia Labarca Encina, docente de la Pontifica Universidad Cat\u00f3lica de Chile, qui\u00e9n realiz\u00f3 una charla sobre el c\u00f3mo comunicar a China.<\/p>\n<p style=\"text-align: justify;\">Dentro del marco de la actualidad mundial, el tema de China es fundamental; sobre todo si de hacer negocios se trata. Por esto, la profesora Labarca afronta la realidad que nos presenta la globalizaci\u00f3n actual, que se caracteriza por importantes desaf\u00edos interculturales en el intercambio econ\u00f3mico.<\/p>\n<p style=\"text-align: justify;\">Expuso sobre la importancia de la comunicaci\u00f3n y sus estrategias dentro del marco de los negocios de Chile con China, bas\u00e1ndose en la relevancia de t\u00e9rminos chinos tales como el \u201cGuanxi\u201d, que hace referencia a la din\u00e1mica de las redes de contacto, el intercambio de favores, la confianza y la reciprocidad; como tambi\u00e9n del \u201cMianzi\u201d que representa el prestigio y la reputaci\u00f3n que una empresa o persona puede tener para la realizaci\u00f3n de negocios.<\/p>\n<p style=\"text-align: justify;\">Nos present\u00f3 tambi\u00e9n la visi\u00f3n que tienen los chilenos al momento de negociar con los chinos, y viceversa, destacando los factores que se consideran m\u00e1s importantes en estas instancias y la relevancia de las estrategias interpersonales y corporativas utilizadas, para no caer en la instrumentalizaci\u00f3n de la cultura solo por el mero inter\u00e9s en los negocios.<\/p>\n","protected":false},"excerpt":{"rendered":"<p>El Centro de Estudios de Relaciones Internacionales de la universidad recibi\u00f3, el pasado 27 de junio, a la profesora Claudia Labarca Encina, docente de la Pontifica Universidad Cat\u00f3lica de Chile, qui\u00e9n realiz\u00f3 una charla sobre el c\u00f3mo comunicar a China. Dentro del marco de la actualidad mundial, el tema de China es fundamental; sobre todo [&hellip;]<\/p>\n","protected":false},"author":22,"featured_media":2138,"comment_status":"open","ping_status":"open","sticky":false,"template":"","format":"standard","meta":{"footnotes":""},"categories":[5,4],"tags":[],"class_list":["post-2145","post","type-post","status-publish","format-standard","has-post-thumbnail","hentry","category-newsletter","category-noticias"],"featured_image_url":"https:\/\/gobierno.udd.cl\/estudio-rrii\/files\/2017\/06\/IMG_20170627_131030-e1499737496288.jpg","_links":{"self":[{"href":"https:\/\/gobierno.udd.cl\/estudio-rrii\/wp-json\/wp\/v2\/posts\/2145","targetHints":{"allow":["GET"]}}],"collection":[{"href":"https:\/\/gobierno.udd.cl\/estudio-rrii\/wp-json\/wp\/v2\/posts"}],"about":[{"href":"https:\/\/gobierno.udd.cl\/estudio-rrii\/wp-json\/wp\/v2\/types\/post"}],"author":[{"embeddable":true,"href":"https:\/\/gobierno.udd.cl\/estudio-rrii\/wp-json\/wp\/v2\/users\/22"}],"replies":[{"embeddable":true,"href":"https:\/\/gobierno.udd.cl\/estudio-rrii\/wp-json\/wp\/v2\/comments?post=2145"}],"version-history":[{"count":1,"href":"https:\/\/gobierno.udd.cl\/estudio-rrii\/wp-json\/wp\/v2\/posts\/2145\/revisions"}],"predecessor-version":[{"id":2146,"href":"https:\/\/gobierno.udd.cl\/estudio-rrii\/wp-json\/wp\/v2\/posts\/2145\/revisions\/2146"}],"wp:featuredmedia":[{"embeddable":true,"href":"https:\/\/gobierno.udd.cl\/estudio-rrii\/wp-json\/wp\/v2\/media\/2138"}],"wp:attachment":[{"href":"https:\/\/gobierno.udd.cl\/estudio-rrii\/wp-json\/wp\/v2\/media?parent=2145"}],"wp:term":[{"taxonomy":"category","embeddable":true,"href":"https:\/\/gobierno.udd.cl\/estudio-rrii\/wp-json\/wp\/v2\/categories?post=2145"},{"taxonomy":"post_tag","embeddable":true,"href":"https:\/\/gobierno.udd.cl\/estudio-rrii\/wp-json\/wp\/v2\/tags?post=2145"}],"curies":[{"name":"wp","href":"https:\/\/api.w.org\/{rel}","templated":true}]}}