{"id":2106,"date":"2017-07-09T18:42:25","date_gmt":"2017-07-09T22:42:25","guid":{"rendered":"http:\/\/gobierno.udd.cl\/estudio-rrii\/?p=2106"},"modified":"2017-07-10T21:33:14","modified_gmt":"2017-07-11T01:33:14","slug":"el-boicot-a-las-universidades-israelies","status":"publish","type":"post","link":"https:\/\/gobierno.udd.cl\/estudio-rrii\/noticias\/2017\/07\/09\/el-boicot-a-las-universidades-israelies\/","title":{"rendered":"El boicot a las universidades israel\u00edes"},"content":{"rendered":"<p style=\"text-align: center;\"><a href=\"http:\/\/gobierno.udd.cl\/estudio-rrii\/files\/2017\/07\/Foto-Art\u00edculo-1.jpg\" rel=\"attachment wp-att-2107\"><img loading=\"lazy\" decoding=\"async\" class=\"alignnone size-full wp-image-2107\" src=\"http:\/\/gobierno.udd.cl\/estudio-rrii\/files\/2017\/07\/Foto-Art\u00edculo-1.jpg\" alt=\"Foto Art\u00edculo 1\" width=\"275\" height=\"183\" \/><\/a><\/p>\n<p style=\"text-align: justify;\">Junio de 2017 es una fecha altamente simb\u00f3lica en el conflicto \u00e1rabe-israel\u00ed. Se trata de un hito fundamental porque se conmemoran los 50 a\u00f1os de la Guerra de los Seis D\u00edas, tras la cual Israel conquist\u00f3 importantes territorios a Egipto, Siria y Jordania y, en especial, Jerusal\u00e9n Oriental, que hasta entonces pertenec\u00eda a Jordania.\u00a0 Con motivos de este aniversario se han acentuado algunas medidas de boicot en contra de Israel, las que tambi\u00e9n han afectado a Chile y han generado un nuevo clima de enfrentamiento entre las comunidades jud\u00eda y palestina de este pa\u00eds.<\/p>\n<p style=\"text-align: justify;\">En concreto, el 11 de junio la Comunidad Palestina de Chile public\u00f3 un inserto en El Mercurio, en donde se habla del \u201cexpansionismo colonial israel\u00ed\u201d y se presentan cuatro mapas de Palestina\/Israel correspondientes a los a\u00f1os 1946, 1947, 1967, 2017. Este inserto ha sido fuertemente rechazado por la Comunidad Jud\u00eda de Chile, la que public\u00f3 otro aviso en donde llama a no importar a Chile este conflicto del Medio Oriente.\u00a0 Por su parte, el 15 de junio la Comunidad Jud\u00eda present\u00f3 una denuncia judicial por insultos racistas y antisemitas en contra de un club de f\u00fatbol del Estadio Israelita, ocurrido en el Estadio Palestino.<\/p>\n<p style=\"text-align: justify;\">Volviendo al boicot, el llamado BDS (Boycott, divestment and sanctions) es una campa\u00f1a internacional de boicot y sanciones en contra de Israel por la ocupaci\u00f3n de los territorios palestinos. Esta campa\u00f1a comenz\u00f3 en julio de 2005 siendo impulsada por unos cientos de palestinos que denunciaron la existencia de un \u201capartheid\u201d para la poblaci\u00f3n palestina. Desde entonces, el BDS ha ganado algunos adeptos en todo el mundo, aunque algunos gobiernos, especialmente de Am\u00e9rica del Norte y Europa lo han rechazado enf\u00e1ticamente. Como parte de este boicot existe una pol\u00edtica que busca boicotear a los acad\u00e9micos y universidades israel\u00edes.<\/p>\n<p style=\"text-align: justify;\">Los que est\u00e1n de acuerdo con esta pr\u00e1ctica se\u00f1alan que las instituciones acad\u00e9micas israel\u00edes est\u00e1n implicadas en la perpetuaci\u00f3n de la ocupaci\u00f3n israel\u00ed. Aquellos que se oponen explican que los partidarios del boicot aplican diferentes est\u00e1ndares para Israel y otros pa\u00edses y que el boicot resulta contraproducente y retr\u00f3grado, puesto que representa un castigo a toda la comunidad acad\u00e9mica israel\u00ed, donde se concentran los niveles m\u00e1s cr\u00edticos hacia la actual pol\u00edtica israel\u00ed.<\/p>\n<p style=\"text-align: justify;\">Tal como lo se\u00f1alara el profesor David Altman, de la Universidad Cat\u00f3lica, en una carta escrita el 30 de abril de 2016, con motivo de un boicot impulsado por parte del Centro de Estudiantes de Derecho de la Universidad de Chile, hay varias razones para estar en contra de este boicot, algunas de las cuales se reproducen en esta columna de manera textual.<\/p>\n<ol style=\"text-align: justify;\">\n<li>Al igual que en muchos otros pa\u00edses, \u201cen las universidades israel\u00edes se encuentran los sectores m\u00e1s liberales y progresistas del pa\u00eds\u201d, es donde est\u00e1n los sectores m\u00e1s cr\u00edticos al gobierno israel\u00ed.<\/li>\n<li>\u201cAl prohibir el trato con las universidades israel\u00edes, se est\u00e1 impidiendo tambi\u00e9n el di\u00e1logo con estudiantes, administrativos y profesores israel\u00edes de origen palestino. Todos estos profesores\/as son funcionarios p\u00fablicos (del Estado de Israel), los estudiantes obtienen sus becas del Estado de Israel, y los administrativos sus salarios del Estado de Israel\u201d.<\/li>\n<li>\u201cAl eliminar el trato con las universidades israel\u00edes, est\u00e1n eliminado a todas las asociaciones universitarias que luchan por los intereses de la educaci\u00f3n superior (sean estos beduinos, drusos, cristianos, ateos y creyentes, negros y blancos, LGBT y hetero). Todos estos grupos no son ficciones, existen, tienen sus dramas, tienen sus luchas, pero todos son vitales\u201d.<\/li>\n<\/ol>\n<p style=\"text-align: justify;\">Las pol\u00edticas nacionalistas y contrarias a la paz implementadas por el gobierno de Israel, a lo que se suma una radicalizaci\u00f3n del movimiento palestino, no hacen c\u00f3mplices al conjunto del mundo israel\u00ed ni del mundo jud\u00edo de estas pol\u00edticas. Por el contrario, tanto al interior de Israel como en el juda\u00edsmo de la di\u00e1spora, existen m\u00faltiples voces que proclaman su oposici\u00f3n al gobierno de Israel, partiendo por las propios editoriales y columnas del prestigioso peri\u00f3dico israel\u00ed Haaretz, que de manera peri\u00f3dica se refieren a los \u201c50 a\u00f1os de la ocupaci\u00f3n\u201d y critican de manera frontal la \u201cdemocracia israel\u00ed\u201d cuestionando incluso si esta es o no una democracia.<\/p>\n<p style=\"text-align: justify;\">Una cosa es rechazar al gobierno israel\u00ed por la construcci\u00f3n y expansi\u00f3n de asentamientos jud\u00edos y la persistente ocupaci\u00f3n de territorios palestinos, lo que est\u00e1 llevando a este pueblo a una situaci\u00f3n creciente de exclusi\u00f3n y segregaci\u00f3n social, pol\u00edtica y econ\u00f3mica; pero otra cosa muy diferente es desconocer los aportes culturales, tecnol\u00f3gicos, agr\u00edcolas y de investigaci\u00f3n m\u00e9dica que provienen del Estado de Israel.\u00a0 Una cosa es boicotear las pol\u00edticas del gobierno israel\u00ed por ser contrarias a la paz y al reconocimiento de dos Estados, algo compartido por el movimiento Hamas, que busca la destrucci\u00f3n del Estado de Israel; otra cosa muy distinta es boicotear la cultura y las universidades israel\u00edes, las que hacen una contribuci\u00f3n sustancial a toda la humanidad, incluyendo a Am\u00e9rica Latina y Chile. En definitiva, el BDS a las universidades israel\u00edes resulta absurdo y sinsentido.<\/p>\n<div class=\"grid-8\" style=\"width: 400px; background-color: #efefef; padding: 15px;\">\n<div style=\"width: 50px; float: left; text-align: justify;\" align=\"left\"><\/div>\n<div style=\"width: 280px; float: right;\" align=\"right\">\n<h3>Isaac Caro<\/h3>\n<p>Docente de la Facultad de Gobierno, Universidad del Desarrollo.<br \/>\nDoctor en Estudios Americanos en la Menci\u00f3n Relaciones Internacionales,<br \/>\nUniversidad de Santiago de Chile.<br \/>\nfisaac.caro@gmail.com\n<\/p><\/div>\n<\/div>\n","protected":false},"excerpt":{"rendered":"<p>Junio de 2017 es una fecha altamente simb\u00f3lica en el conflicto \u00e1rabe-israel\u00ed. Se trata de un hito fundamental porque se conmemoran los 50 a\u00f1os de la Guerra de los Seis D\u00edas, tras la cual Israel conquist\u00f3 importantes territorios a Egipto, Siria y Jordania y, en especial, Jerusal\u00e9n Oriental, que hasta entonces pertenec\u00eda a Jordania.\u00a0 Con [&hellip;]<\/p>\n","protected":false},"author":22,"featured_media":2107,"comment_status":"open","ping_status":"open","sticky":false,"template":"","format":"standard","meta":{"footnotes":""},"categories":[5],"tags":[],"class_list":["post-2106","post","type-post","status-publish","format-standard","has-post-thumbnail","hentry","category-newsletter"],"featured_image_url":"https:\/\/gobierno.udd.cl\/estudio-rrii\/files\/2017\/07\/Foto-Art\u00edculo-1.jpg","_links":{"self":[{"href":"https:\/\/gobierno.udd.cl\/estudio-rrii\/wp-json\/wp\/v2\/posts\/2106","targetHints":{"allow":["GET"]}}],"collection":[{"href":"https:\/\/gobierno.udd.cl\/estudio-rrii\/wp-json\/wp\/v2\/posts"}],"about":[{"href":"https:\/\/gobierno.udd.cl\/estudio-rrii\/wp-json\/wp\/v2\/types\/post"}],"author":[{"embeddable":true,"href":"https:\/\/gobierno.udd.cl\/estudio-rrii\/wp-json\/wp\/v2\/users\/22"}],"replies":[{"embeddable":true,"href":"https:\/\/gobierno.udd.cl\/estudio-rrii\/wp-json\/wp\/v2\/comments?post=2106"}],"version-history":[{"count":5,"href":"https:\/\/gobierno.udd.cl\/estudio-rrii\/wp-json\/wp\/v2\/posts\/2106\/revisions"}],"predecessor-version":[{"id":2130,"href":"https:\/\/gobierno.udd.cl\/estudio-rrii\/wp-json\/wp\/v2\/posts\/2106\/revisions\/2130"}],"wp:featuredmedia":[{"embeddable":true,"href":"https:\/\/gobierno.udd.cl\/estudio-rrii\/wp-json\/wp\/v2\/media\/2107"}],"wp:attachment":[{"href":"https:\/\/gobierno.udd.cl\/estudio-rrii\/wp-json\/wp\/v2\/media?parent=2106"}],"wp:term":[{"taxonomy":"category","embeddable":true,"href":"https:\/\/gobierno.udd.cl\/estudio-rrii\/wp-json\/wp\/v2\/categories?post=2106"},{"taxonomy":"post_tag","embeddable":true,"href":"https:\/\/gobierno.udd.cl\/estudio-rrii\/wp-json\/wp\/v2\/tags?post=2106"}],"curies":[{"name":"wp","href":"https:\/\/api.w.org\/{rel}","templated":true}]}}