{"id":2103,"date":"2017-07-09T18:38:17","date_gmt":"2017-07-09T22:38:17","guid":{"rendered":"http:\/\/gobierno.udd.cl\/estudio-rrii\/?p=2103"},"modified":"2017-07-09T18:38:17","modified_gmt":"2017-07-09T22:38:17","slug":"editorial-n20","status":"publish","type":"post","link":"https:\/\/gobierno.udd.cl\/estudio-rrii\/noticias\/2017\/07\/09\/editorial-n20\/","title":{"rendered":"Editorial N\u00b020"},"content":{"rendered":"<p style=\"text-align: justify;\">Prospectiva Internacional es el Bolet\u00edn del Centro de Estudios de Relaciones Internacionales (CERI) que se emite cada dos meses con dos objetivos principales. El primero, contribuir al debate y a una comprensi\u00f3n detallada de algunos acontecimientos coyunturales de la realidad internacional, a trav\u00e9s de columnas de opini\u00f3n de los acad\u00e9micos de la Facultad de Gobierno de la Universidad del Desarrollo. El segundo, dar a conocer a nuestros lectores las actividades que se est\u00e1n realizando en nuestro centro de investigaci\u00f3n CERI.<\/p>\n<p style=\"text-align: justify;\">En el Bolet\u00edn, N\u00ba 20, julio-agosto de 2017, los columnistas analizan diversos temas de gran inter\u00e9s internacional, destacados por presentar grandes problem\u00e1ticas que afectan distintas realidades alrededor del mundo.<\/p>\n<p style=\"text-align: justify;\">Isaac Caro analiza en su art\u00edculo, respecto a la conmemoraci\u00f3n de los 50 a\u00f1os de la Guerra de los Seis D\u00edas, el llamado BDS (Boycott, divestment and sanctions), campa\u00f1a internacional palestina, iniciada en 2005, de boicot y sanciones en contra de Israel por la ocupaci\u00f3n de los territorios palestinos; y en este caso, espec\u00edficamente, sus efectos en el sector universitario. De esta manera busca explicar por qu\u00e9 el BDS a las universidades israel\u00edes resulta un absurdo y sinsentido.<\/p>\n<p style=\"text-align: justify;\">Pablo Ampuero se refiere en su art\u00edculo al fundamental legado de Lenin en China. Plantea primero la influencia del pragmatismo leninista que hace prevalecer la importancia del fin, de construir una sociedad igualitaria, sobre los medios; generalmente definidos por la \u00e9poca, experimentando entre un capitalismo de Estado y un socialismo autogestionado. Se destaca tambi\u00e9n la legitimaci\u00f3n social de la estructura pol\u00edtica y, por \u00faltimo, el car\u00e1cter positivo de la carrera pol\u00edtica china.<\/p>\n<p style=\"text-align: justify;\">Isabel Caba\u00f1a expone en su art\u00edculo la complicada situaci\u00f3n demogr\u00e1fica que vive Jap\u00f3n. Desde el a\u00f1o 2010, la poblaci\u00f3n japonesa ha ido decreciendo en n\u00famero, al mismo tiempo que ha ido envejeciendo; lo que significar\u00eda importantes repercusiones en los \u00e1mbitos econ\u00f3micos y sociales. Por esto, la autora trata de analizar las graves consecuencias que tal acontecimiento podr\u00eda acarrear junto, tambi\u00e9n, con analizar las posibles soluciones a la desafiante situaci\u00f3n que vive la naci\u00f3n del sol naciente.<\/p>\n<p style=\"text-align: justify;\">Miguel \u00c1ngel Fern\u00e1ndez realiza un an\u00e1lisis del escenario pol\u00edtico ingl\u00e9s tras la fallida apuesta de la Primera Ministra Theresa May en las elecciones del 8 de junio pasado en el Reino Unido. Toma en cuenta en su art\u00edculo el futuro del laborismo tras las elecciones y sus nuevos liderazgos; el qu\u00e9 significa administrar el pa\u00eds con un gobierno de minor\u00eda, el futuro del brexit y la realidad del Partido Conservador.<\/p>\n<div class=\"grid-8\" style=\"width: 400px; background-color: #efefef; padding: 15px;\">\n<div style=\"width: 50px; float: left; text-align: justify;\" align=\"left\"><\/div>\n<div style=\"width: 280px; float: right;\" align=\"right\">\n<h3>Yun-Tso Lee<\/h3>\n<p>Director del Centro de Estudios de Relaciones Internacionales (CERI)<br \/>\nFacultad de Gobierno, Universidad del Desarrollo<br \/>\nDoctor en Ciencias Pol\u00edticas y Sociolog\u00eda, Universidad Complutense de Madrid<br \/>\n<a href=\"mailto:ylee@udd.cl\">ylee@udd.cl<\/a><\/p>\n<\/div>\n<\/div>\n","protected":false},"excerpt":{"rendered":"<p>En el Bolet\u00edn, N\u00ba 20, julio-agosto de 2017, los columnistas analizan diversos temas de gran inter\u00e9s internacional, destacados por presentar grandes problem\u00e1ticas que afectan distintas realidades alrededor del mundo.<\/p>\n","protected":false},"author":22,"featured_media":2104,"comment_status":"open","ping_status":"open","sticky":false,"template":"","format":"standard","meta":{"footnotes":""},"categories":[5],"tags":[],"class_list":["post-2103","post","type-post","status-publish","format-standard","has-post-thumbnail","hentry","category-newsletter"],"featured_image_url":"https:\/\/gobierno.udd.cl\/estudio-rrii\/files\/2017\/07\/CERI1-317x220-300x208.png","_links":{"self":[{"href":"https:\/\/gobierno.udd.cl\/estudio-rrii\/wp-json\/wp\/v2\/posts\/2103","targetHints":{"allow":["GET"]}}],"collection":[{"href":"https:\/\/gobierno.udd.cl\/estudio-rrii\/wp-json\/wp\/v2\/posts"}],"about":[{"href":"https:\/\/gobierno.udd.cl\/estudio-rrii\/wp-json\/wp\/v2\/types\/post"}],"author":[{"embeddable":true,"href":"https:\/\/gobierno.udd.cl\/estudio-rrii\/wp-json\/wp\/v2\/users\/22"}],"replies":[{"embeddable":true,"href":"https:\/\/gobierno.udd.cl\/estudio-rrii\/wp-json\/wp\/v2\/comments?post=2103"}],"version-history":[{"count":2,"href":"https:\/\/gobierno.udd.cl\/estudio-rrii\/wp-json\/wp\/v2\/posts\/2103\/revisions"}],"predecessor-version":[{"id":2116,"href":"https:\/\/gobierno.udd.cl\/estudio-rrii\/wp-json\/wp\/v2\/posts\/2103\/revisions\/2116"}],"wp:featuredmedia":[{"embeddable":true,"href":"https:\/\/gobierno.udd.cl\/estudio-rrii\/wp-json\/wp\/v2\/media\/2104"}],"wp:attachment":[{"href":"https:\/\/gobierno.udd.cl\/estudio-rrii\/wp-json\/wp\/v2\/media?parent=2103"}],"wp:term":[{"taxonomy":"category","embeddable":true,"href":"https:\/\/gobierno.udd.cl\/estudio-rrii\/wp-json\/wp\/v2\/categories?post=2103"},{"taxonomy":"post_tag","embeddable":true,"href":"https:\/\/gobierno.udd.cl\/estudio-rrii\/wp-json\/wp\/v2\/tags?post=2103"}],"curies":[{"name":"wp","href":"https:\/\/api.w.org\/{rel}","templated":true}]}}