{"id":2092,"date":"2017-06-11T21:01:07","date_gmt":"2017-06-12T01:01:07","guid":{"rendered":"http:\/\/gobierno.udd.cl\/estudio-rrii\/?p=2092"},"modified":"2017-07-10T21:43:25","modified_gmt":"2017-07-11T01:43:25","slug":"charla-crisis-en-la-peninsula-coreana-se-acerca-la-tercera-guerra-mundial","status":"publish","type":"post","link":"https:\/\/gobierno.udd.cl\/estudio-rrii\/noticias\/2017\/06\/11\/charla-crisis-en-la-peninsula-coreana-se-acerca-la-tercera-guerra-mundial\/","title":{"rendered":"Charla: \u201cCrisis en la pen\u00ednsula coreana: \u00bfSe acerca la Tercera Guerra Mundial?\u201d"},"content":{"rendered":"<div id=\"gallery-1\" class=\"carousel slide carousel-gallery\" data-ride=\"false\" data-interval=\"false\"><div class=\"carousel-inner\" role=\"listbox\"><figure class=\"carousel-item active\"><img loading=\"lazy\" decoding=\"async\" width=\"712\" height=\"534\" src=\"https:\/\/gobierno.udd.cl\/estudio-rrii\/files\/2017\/06\/IMG-20170622-WA0007-1-800x450.jpg\" class=\"attachment-landscape_952 size-landscape_952 lazyload\" alt=\"\" sizes=\"auto, (max-width: 712px) 100vw, 712px\" data-src=\"https:\/\/gobierno.udd.cl\/estudio-rrii\/files\/2017\/06\/IMG-20170622-WA0007-1.jpg\" data-srcset=\"https:\/\/gobierno.udd.cl\/estudio-rrii\/files\/2017\/06\/IMG-20170622-WA0007-1.jpg 1280w, https:\/\/gobierno.udd.cl\/estudio-rrii\/files\/2017\/06\/IMG-20170622-WA0007-1-300x225.jpg 300w, https:\/\/gobierno.udd.cl\/estudio-rrii\/files\/2017\/06\/IMG-20170622-WA0007-1-768x576.jpg 768w, https:\/\/gobierno.udd.cl\/estudio-rrii\/files\/2017\/06\/IMG-20170622-WA0007-1-1024x768.jpg 1024w, https:\/\/gobierno.udd.cl\/estudio-rrii\/files\/2017\/06\/IMG-20170622-WA0007-1-960x720.jpg 960w\" \/><\/figure><figure class=\"carousel-item\"><img loading=\"lazy\" decoding=\"async\" width=\"712\" height=\"534\" src=\"https:\/\/gobierno.udd.cl\/estudio-rrii\/files\/2017\/06\/IMG-20170622-WA0009-1-800x450.jpg\" class=\"attachment-landscape_952 size-landscape_952 lazyload\" alt=\"\" sizes=\"auto, (max-width: 712px) 100vw, 712px\" data-src=\"https:\/\/gobierno.udd.cl\/estudio-rrii\/files\/2017\/06\/IMG-20170622-WA0009-1.jpg\" data-srcset=\"https:\/\/gobierno.udd.cl\/estudio-rrii\/files\/2017\/06\/IMG-20170622-WA0009-1.jpg 1280w, https:\/\/gobierno.udd.cl\/estudio-rrii\/files\/2017\/06\/IMG-20170622-WA0009-1-300x225.jpg 300w, https:\/\/gobierno.udd.cl\/estudio-rrii\/files\/2017\/06\/IMG-20170622-WA0009-1-768x576.jpg 768w, https:\/\/gobierno.udd.cl\/estudio-rrii\/files\/2017\/06\/IMG-20170622-WA0009-1-1024x768.jpg 1024w, https:\/\/gobierno.udd.cl\/estudio-rrii\/files\/2017\/06\/IMG-20170622-WA0009-1-960x720.jpg 960w\" \/><\/figure><figure class=\"carousel-item\"><img loading=\"lazy\" decoding=\"async\" width=\"712\" height=\"534\" src=\"https:\/\/gobierno.udd.cl\/estudio-rrii\/files\/2017\/06\/IMG-20170622-WA0010-1-1-800x450.jpg\" class=\"attachment-landscape_952 size-landscape_952 lazyload\" alt=\"\" sizes=\"auto, (max-width: 712px) 100vw, 712px\" data-src=\"https:\/\/gobierno.udd.cl\/estudio-rrii\/files\/2017\/06\/IMG-20170622-WA0010-1-1.jpg\" data-srcset=\"https:\/\/gobierno.udd.cl\/estudio-rrii\/files\/2017\/06\/IMG-20170622-WA0010-1-1.jpg 1280w, https:\/\/gobierno.udd.cl\/estudio-rrii\/files\/2017\/06\/IMG-20170622-WA0010-1-1-300x225.jpg 300w, https:\/\/gobierno.udd.cl\/estudio-rrii\/files\/2017\/06\/IMG-20170622-WA0010-1-1-768x576.jpg 768w, https:\/\/gobierno.udd.cl\/estudio-rrii\/files\/2017\/06\/IMG-20170622-WA0010-1-1-1024x768.jpg 1024w, https:\/\/gobierno.udd.cl\/estudio-rrii\/files\/2017\/06\/IMG-20170622-WA0010-1-1-960x720.jpg 960w\" \/><\/figure><figure class=\"carousel-item\"><img loading=\"lazy\" decoding=\"async\" width=\"401\" height=\"534\" src=\"https:\/\/gobierno.udd.cl\/estudio-rrii\/files\/2017\/06\/IMG-20170622-WA0012-1-800x450.jpg\" class=\"attachment-landscape_952 size-landscape_952 lazyload\" alt=\"\" sizes=\"auto, (max-width: 401px) 100vw, 401px\" data-src=\"https:\/\/gobierno.udd.cl\/estudio-rrii\/files\/2017\/06\/IMG-20170622-WA0012-1.jpg\" data-srcset=\"https:\/\/gobierno.udd.cl\/estudio-rrii\/files\/2017\/06\/IMG-20170622-WA0012-1.jpg 960w, https:\/\/gobierno.udd.cl\/estudio-rrii\/files\/2017\/06\/IMG-20170622-WA0012-1-225x300.jpg 225w, https:\/\/gobierno.udd.cl\/estudio-rrii\/files\/2017\/06\/IMG-20170622-WA0012-1-768x1024.jpg 768w, https:\/\/gobierno.udd.cl\/estudio-rrii\/files\/2017\/06\/IMG-20170622-WA0012-1-720x960.jpg 720w\" \/><\/figure><\/div><footer class=\"carousel-footer\"><div class=\"carousel-counter\"><span class=\"carousel-counter-current\"><\/span> \/ <span class=\"carousel-counter-total\"><\/span><\/div><a class=\"carousel-control-prev\" href=\"#gallery-1\" role=\"button\" data-slide=\"prev\"><svg aria-hidden=\"true\" class=\"svg-chevron-left-dims\"><use xlink:href='https:\/\/gobierno.udd.cl\/estudio-rrii\/wp-content\/themes\/facultades-2018\/assets\/img\/svg\/dist\/main.svg?version=1695853099#chevron-left'><\/use><\/svg><span class=\"sr-only\">Anterior<\/span><\/a><a class=\"carousel-control-next\" href=\"#gallery-1\" role=\"button\" data-slide=\"next\"><svg aria-hidden=\"true\" class=\"svg-chevron-right-dims\"><use xlink:href='https:\/\/gobierno.udd.cl\/estudio-rrii\/wp-content\/themes\/facultades-2018\/assets\/img\/svg\/dist\/main.svg?version=1695853099#chevron-right'><\/use><\/svg><span class=\"sr-only\">Siguiente<\/span><\/a><\/footer><\/div>\n<p style=\"text-align: justify;\">El Centro de Estudios de Relaciones Internacionales (CERI) organiz\u00f3, el pasado 23 de mayo, una charla sobre la actualidad de la pen\u00ednsula coreana, en torno a la subida de tensiones que se ha registrado all\u00ed en el \u00faltimo tiempo. Se discuti\u00f3 el c\u00f3mo entender el conflicto, los nuevos posibles escenarios internacionales a considerar y sus consecuencias; y, por supuesto, si es factible el comienzo de un nuevo conflicto de escala mundial.\u00a0 Para esto, se cont\u00f3 con la exposici\u00f3n de dos profesores del CERI: \u00a0Profesor Dr. Yun-Tso Lee, director del CERI; y del Profesor Dr. Fernando Schmidt, investigador del centro; quienes nos invitaron a acercarnos m\u00e1s al conflicto coreano y as\u00ed poder entender de mejor manera el contexto internacional actual.<\/p>\n<p style=\"text-align: justify;\">La charla tambi\u00e9n se realiz\u00f3 en la sede de la universidad en Concepci\u00f3n, el pasado 21 de junio, reuniendo una importante convocatoria.\u201d<\/p>\n","protected":false},"excerpt":{"rendered":"<p>El Centro de Estudios de Relaciones Internacionales (CERI) organiz\u00f3, el pasado 23 de mayo, una charla sobre la actualidad de la pen\u00ednsula coreana, en torno a la subida de tensiones que se ha registrado all\u00ed en el \u00faltimo tiempo. Se discuti\u00f3 el c\u00f3mo entender el conflicto, los nuevos posibles escenarios internacionales a considerar y sus [&hellip;]<\/p>\n","protected":false},"author":22,"featured_media":2136,"comment_status":"open","ping_status":"open","sticky":false,"template":"","format":"standard","meta":{"footnotes":""},"categories":[5,4],"tags":[],"class_list":["post-2092","post","type-post","status-publish","format-standard","has-post-thumbnail","hentry","category-newsletter","category-noticias"],"featured_image_url":"https:\/\/gobierno.udd.cl\/estudio-rrii\/files\/2017\/06\/IMG-20170622-WA0010-1.jpg","_links":{"self":[{"href":"https:\/\/gobierno.udd.cl\/estudio-rrii\/wp-json\/wp\/v2\/posts\/2092","targetHints":{"allow":["GET"]}}],"collection":[{"href":"https:\/\/gobierno.udd.cl\/estudio-rrii\/wp-json\/wp\/v2\/posts"}],"about":[{"href":"https:\/\/gobierno.udd.cl\/estudio-rrii\/wp-json\/wp\/v2\/types\/post"}],"author":[{"embeddable":true,"href":"https:\/\/gobierno.udd.cl\/estudio-rrii\/wp-json\/wp\/v2\/users\/22"}],"replies":[{"embeddable":true,"href":"https:\/\/gobierno.udd.cl\/estudio-rrii\/wp-json\/wp\/v2\/comments?post=2092"}],"version-history":[{"count":4,"href":"https:\/\/gobierno.udd.cl\/estudio-rrii\/wp-json\/wp\/v2\/posts\/2092\/revisions"}],"predecessor-version":[{"id":2144,"href":"https:\/\/gobierno.udd.cl\/estudio-rrii\/wp-json\/wp\/v2\/posts\/2092\/revisions\/2144"}],"wp:featuredmedia":[{"embeddable":true,"href":"https:\/\/gobierno.udd.cl\/estudio-rrii\/wp-json\/wp\/v2\/media\/2136"}],"wp:attachment":[{"href":"https:\/\/gobierno.udd.cl\/estudio-rrii\/wp-json\/wp\/v2\/media?parent=2092"}],"wp:term":[{"taxonomy":"category","embeddable":true,"href":"https:\/\/gobierno.udd.cl\/estudio-rrii\/wp-json\/wp\/v2\/categories?post=2092"},{"taxonomy":"post_tag","embeddable":true,"href":"https:\/\/gobierno.udd.cl\/estudio-rrii\/wp-json\/wp\/v2\/tags?post=2092"}],"curies":[{"name":"wp","href":"https:\/\/api.w.org\/{rel}","templated":true}]}}