{"id":2041,"date":"2017-05-06T18:19:51","date_gmt":"2017-05-06T21:19:51","guid":{"rendered":"http:\/\/gobierno.udd.cl\/estudio-rrii\/?p=2041"},"modified":"2017-05-08T22:20:46","modified_gmt":"2017-05-09T01:20:46","slug":"editorial-6","status":"publish","type":"post","link":"https:\/\/gobierno.udd.cl\/estudio-rrii\/noticias\/2017\/05\/06\/editorial-6\/","title":{"rendered":"Editorial N\u00b019"},"content":{"rendered":"<p style=\"text-align: justify;\">Prospectiva Internacional es el Bolet\u00edn del Centro de Estudios de Relaciones Internacionales (CERI) que se emite cada dos meses con dos objetivos principales. El primero, contribuir al debate y a una comprensi\u00f3n detallada de algunos acontecimientos coyunturales de la realidad internacional, a trav\u00e9s de columnas de opini\u00f3n de los acad\u00e9micos de la Facultad de Gobierno de la Universidad del Desarrollo. El segundo, dar a conocer a nuestros lectores las actividades que se est\u00e1n realizando en el nuestro centro de investigaci\u00f3n CERI.<\/p>\n<p style=\"text-align: justify;\">En el Bolet\u00edn, N\u00ba 19, mayo-junio de 2017, los columnistas analizan diversos temas que han sido de inter\u00e9s a nivel internacional, entrando de lleno a la coyuntura marcada por la incertidumbre que ha generado el gobierno de Donald Trump, y sus reacciones en terceros pa\u00edses.<\/p>\n<p style=\"text-align: justify;\">Manfred Wilhelmy analiza los escenarios que se abren en la Pen\u00ednsula de Corea a ra\u00edz de la escalada de tensiones que se observa durante las \u00faltimas semanas, y dirime cual ser\u00eda el escenario \u00f3ptimo para Chile en este sentido. La b\u00fasqueda de cooperaci\u00f3n debe primar.<\/p>\n<p style=\"text-align: justify;\">Fernando Schmidt A. se hace cargo de una tem\u00e1tica muchas veces obviada en nuestro pa\u00eds, pero que tiene gran relevancia: Nuestra vinculaci\u00f3n con el Caribe angl\u00f3fono. Dicha relaci\u00f3n es, y debe seguir siendo, multifac\u00e9tica, e ir mucho m\u00e1s all\u00e1 del \u00e1rea comercial, existiendo para Chile inmensos desaf\u00edos pendientes.<\/p>\n<p style=\"text-align: justify;\">Javier Recabarren recoge los resultados de la reuni\u00f3n convocada por Chile para estudiar las alternativas post-TPP, y establecer esfuerzos por mantener una integraci\u00f3n regional abierta. Discute el nuevo contexto que se abre para la negociaci\u00f3n de acuerdos regionales, los cuales de ahora en adelante tendr\u00e1n que incluir a la sociedad civil.<\/p>\n<p style=\"text-align: justify;\">Por \u00faltimo, Fernando Schmidt H. pone el \u00e9nfasis en la reuni\u00f3n de alto nivel que sostuvieron Xi y Trump en Florida, la cual entreg\u00f3 por fin se\u00f1ales concretas de certidumbre con respecto a lo que ser\u00e1 la relaci\u00f3n EEUU-China durante el gobierno de Trump. Esta se apronta a ser m\u00e1s cooperativa que conflictiva para tranquilidad de los mercados.<\/p>\n<div class=\"grid-8\" style=\"width: 400px; background-color: #efefef; padding: 15px;\">\n<div style=\"width: 50px; float: left; text-align: justify;\" align=\"left\"><\/div>\n<div style=\"width: 280px; float: right;\" align=\"right\">\n<h3>Yun-Tso Lee<\/h3>\n<p>Director del Centro de Estudios de Relaciones Internacionales (CERI)<br \/>\nFacultad de Gobierno, Universidad del Desarrollo<br \/>\nDoctor en Ciencias Pol\u00edticas y Sociolog\u00eda, Universidad Complutense de Madrid<br \/>\n<a href=\"mailto:ylee@udd.cl\">ylee@udd.cl<\/a><\/p>\n<\/div>\n<\/div>\n","protected":false},"excerpt":{"rendered":"<p>En el Bolet\u00edn, N\u00ba 19, mayo-junio de 2017, los columnistas analizan diversos temas que han sido de inter\u00e9s a nivel internacional, entrando de lleno a la coyuntura marcada por la incertidumbre que ha generado el gobierno de Donald Trump, y sus reacciones en terceros pa\u00edses.<\/p>\n","protected":false},"author":22,"featured_media":2046,"comment_status":"open","ping_status":"open","sticky":false,"template":"","format":"standard","meta":{"footnotes":""},"categories":[5],"tags":[],"class_list":["post-2041","post","type-post","status-publish","format-standard","has-post-thumbnail","hentry","category-newsletter"],"featured_image_url":"https:\/\/gobierno.udd.cl\/estudio-rrii\/files\/2017\/05\/CERI1-317x220-300x208.png","_links":{"self":[{"href":"https:\/\/gobierno.udd.cl\/estudio-rrii\/wp-json\/wp\/v2\/posts\/2041","targetHints":{"allow":["GET"]}}],"collection":[{"href":"https:\/\/gobierno.udd.cl\/estudio-rrii\/wp-json\/wp\/v2\/posts"}],"about":[{"href":"https:\/\/gobierno.udd.cl\/estudio-rrii\/wp-json\/wp\/v2\/types\/post"}],"author":[{"embeddable":true,"href":"https:\/\/gobierno.udd.cl\/estudio-rrii\/wp-json\/wp\/v2\/users\/22"}],"replies":[{"embeddable":true,"href":"https:\/\/gobierno.udd.cl\/estudio-rrii\/wp-json\/wp\/v2\/comments?post=2041"}],"version-history":[{"count":5,"href":"https:\/\/gobierno.udd.cl\/estudio-rrii\/wp-json\/wp\/v2\/posts\/2041\/revisions"}],"predecessor-version":[{"id":2083,"href":"https:\/\/gobierno.udd.cl\/estudio-rrii\/wp-json\/wp\/v2\/posts\/2041\/revisions\/2083"}],"wp:featuredmedia":[{"embeddable":true,"href":"https:\/\/gobierno.udd.cl\/estudio-rrii\/wp-json\/wp\/v2\/media\/2046"}],"wp:attachment":[{"href":"https:\/\/gobierno.udd.cl\/estudio-rrii\/wp-json\/wp\/v2\/media?parent=2041"}],"wp:term":[{"taxonomy":"category","embeddable":true,"href":"https:\/\/gobierno.udd.cl\/estudio-rrii\/wp-json\/wp\/v2\/categories?post=2041"},{"taxonomy":"post_tag","embeddable":true,"href":"https:\/\/gobierno.udd.cl\/estudio-rrii\/wp-json\/wp\/v2\/tags?post=2041"}],"curies":[{"name":"wp","href":"https:\/\/api.w.org\/{rel}","templated":true}]}}