{"id":1991,"date":"2016-12-10T22:25:49","date_gmt":"2016-12-11T01:25:49","guid":{"rendered":"http:\/\/gobierno.udd.cl\/estudio-rrii\/?p=1991"},"modified":"2016-12-10T22:25:49","modified_gmt":"2016-12-11T01:25:49","slug":"director-del-ceri-publica-el-libro-la-distancia-que-nos-une-reflexiones-y-vivencias-entre-china-y-america-latina","status":"publish","type":"post","link":"https:\/\/gobierno.udd.cl\/estudio-rrii\/noticias\/2016\/12\/10\/director-del-ceri-publica-el-libro-la-distancia-que-nos-une-reflexiones-y-vivencias-entre-china-y-america-latina\/","title":{"rendered":"Director del CERI publica el libro: La distancia que nos une: reflexiones y vivencias entre China y Am\u00e9rica Latina"},"content":{"rendered":"<p style=\"text-align: justify;\"><a href=\"http:\/\/gobierno.udd.cl\/estudio-rrii\/files\/2013\/06\/Yun_destacado.jpg\" rel=\"attachment wp-att-903\"><img loading=\"lazy\" decoding=\"async\" class=\"size-medium wp-image-903 aligncenter\" src=\"http:\/\/gobierno.udd.cl\/estudio-rrii\/files\/2013\/06\/Yun_destacado-300x196.jpg\" alt=\"Yun_destacado\" width=\"300\" height=\"196\" srcset=\"https:\/\/gobierno.udd.cl\/estudio-rrii\/files\/2013\/06\/Yun_destacado-300x196.jpg 300w, https:\/\/gobierno.udd.cl\/estudio-rrii\/files\/2013\/06\/Yun_destacado-1024x669.jpg 1024w, https:\/\/gobierno.udd.cl\/estudio-rrii\/files\/2013\/06\/Yun_destacado-660x430.jpg 660w, https:\/\/gobierno.udd.cl\/estudio-rrii\/files\/2013\/06\/Yun_destacado-960x627.jpg 960w\" sizes=\"auto, (max-width: 300px) 100vw, 300px\" \/><\/a><\/p>\n<p style=\"text-align: justify;\">El pasado 22 de noviembre de 2016, en el Edificio de Postgrados de la Universidad del Desarrollo, se llev\u00f3 a cabo el lanzamiento del libro <em>La distancia que nos une: reflexiones y vivencias entre China y Am\u00e9rica Latina<\/em>, del Director del CERI, Yun Tso Lee, junto a al Responsable de la Comunidad de Estudios Chinos y Latinoamericanos (CECLA), Guo Cunhai.<\/p>\n<p style=\"text-align: justify;\">El objetivo principal del libro, en el cual escriben varios autores, es contribuir al di\u00e1logo cultural que se ha creado en el tiempo entre China y los pa\u00edses Latinoamericanos desde diversas experiencias y relatos de personas de ambos lados del oc\u00e9ano Pac\u00edfico. En las palabras de sus autores: \u201ces un libro destinado a narrar historias de encuentros, de amistad y de amor entre chinos y latinoamericanos en diferentes terrenos y distintas esferas\u201d.<\/p>\n","protected":false},"excerpt":{"rendered":"<p>El pasado 22 de noviembre de 2016, en el Edificio de Postgrados de la Universidad del Desarrollo, se llev\u00f3 a cabo el lanzamiento del libro La distancia que nos une: reflexiones y vivencias entre China y Am\u00e9rica Latina, del Director del CERI, Yun Tso Lee, junto a al Responsable de la Comunidad de Estudios Chinos y Latinoamericanos, Guo Cunhai.<\/p>\n","protected":false},"author":22,"featured_media":903,"comment_status":"open","ping_status":"open","sticky":false,"template":"","format":"standard","meta":{"footnotes":""},"categories":[5,4],"tags":[],"class_list":["post-1991","post","type-post","status-publish","format-standard","has-post-thumbnail","hentry","category-newsletter","category-noticias"],"featured_image_url":"https:\/\/gobierno.udd.cl\/estudio-rrii\/files\/2013\/06\/Yun_destacado.jpg","_links":{"self":[{"href":"https:\/\/gobierno.udd.cl\/estudio-rrii\/wp-json\/wp\/v2\/posts\/1991","targetHints":{"allow":["GET"]}}],"collection":[{"href":"https:\/\/gobierno.udd.cl\/estudio-rrii\/wp-json\/wp\/v2\/posts"}],"about":[{"href":"https:\/\/gobierno.udd.cl\/estudio-rrii\/wp-json\/wp\/v2\/types\/post"}],"author":[{"embeddable":true,"href":"https:\/\/gobierno.udd.cl\/estudio-rrii\/wp-json\/wp\/v2\/users\/22"}],"replies":[{"embeddable":true,"href":"https:\/\/gobierno.udd.cl\/estudio-rrii\/wp-json\/wp\/v2\/comments?post=1991"}],"version-history":[{"count":1,"href":"https:\/\/gobierno.udd.cl\/estudio-rrii\/wp-json\/wp\/v2\/posts\/1991\/revisions"}],"predecessor-version":[{"id":1994,"href":"https:\/\/gobierno.udd.cl\/estudio-rrii\/wp-json\/wp\/v2\/posts\/1991\/revisions\/1994"}],"wp:featuredmedia":[{"embeddable":true,"href":"https:\/\/gobierno.udd.cl\/estudio-rrii\/wp-json\/wp\/v2\/media\/903"}],"wp:attachment":[{"href":"https:\/\/gobierno.udd.cl\/estudio-rrii\/wp-json\/wp\/v2\/media?parent=1991"}],"wp:term":[{"taxonomy":"category","embeddable":true,"href":"https:\/\/gobierno.udd.cl\/estudio-rrii\/wp-json\/wp\/v2\/categories?post=1991"},{"taxonomy":"post_tag","embeddable":true,"href":"https:\/\/gobierno.udd.cl\/estudio-rrii\/wp-json\/wp\/v2\/tags?post=1991"}],"curies":[{"name":"wp","href":"https:\/\/api.w.org\/{rel}","templated":true}]}}