{"id":1987,"date":"2016-12-10T22:23:22","date_gmt":"2016-12-11T01:23:22","guid":{"rendered":"http:\/\/gobierno.udd.cl\/estudio-rrii\/?p=1987"},"modified":"2016-12-10T22:24:20","modified_gmt":"2016-12-11T01:24:20","slug":"investigadoras-del-ceri-participan-en-workshop-internacional","status":"publish","type":"post","link":"https:\/\/gobierno.udd.cl\/estudio-rrii\/noticias\/2016\/12\/10\/investigadoras-del-ceri-participan-en-workshop-internacional\/","title":{"rendered":"Investigadoras del CERI participan en Workshop internacional"},"content":{"rendered":"<p style=\"text-align: justify;\"><img loading=\"lazy\" decoding=\"async\" class=\"alignright wp-image-1920 size-full\" src=\"http:\/\/gobierno.udd.cl\/estudio-rrii\/files\/2016\/10\/isabelcabana.png\" alt=\"isabelcabana\" width=\"169\" height=\"111\" \/>Entre los d\u00edas 9 y 11 de noviembre, las investigadoras del CERI, Isabel Caba\u00f1a y Mar\u00eda Elvira R\u00edos asistieron al workshop internacional \u201cPerspectives on Asian Studies in Latin America\u201d, que organiz\u00f3 el South-South Exchange Programme for Research on the History of Development (SEPHIS, Universidad Federal de R\u00edo de Janeiro), el International Institute for Asia Studies (IIAS, Universidad de Leiden) y el International Convention of Asia Scholars (ICAS), en la ciudad de R\u00edo de Janeiro. Al workshop asistieron acad\u00e9micos de distintas instituciones de Am\u00e9rica Latina, Jap\u00f3n, China, Estados Unidos y Europa. Ambas profesoras presentaron sobre los estudios de Asia en Chile y la organizaci\u00f3n del XV Congreso Internacional de la Asociaci\u00f3n Latinoamericana de estudios <img loading=\"lazy\" decoding=\"async\" class=\"alignleft wp-image-859 size-thumbnail\" src=\"http:\/\/gobierno.udd.cl\/estudio-rrii\/files\/2014\/12\/Elvira-Rios-150x150.png\" alt=\"Elvira Rios\" width=\"150\" height=\"150\" srcset=\"https:\/\/gobierno.udd.cl\/estudio-rrii\/files\/2014\/12\/Elvira-Rios-150x150.png 150w, https:\/\/gobierno.udd.cl\/estudio-rrii\/files\/2014\/12\/Elvira-Rios-62x62.png 62w, https:\/\/gobierno.udd.cl\/estudio-rrii\/files\/2014\/12\/Elvira-Rios-300x300.png 300w, https:\/\/gobierno.udd.cl\/estudio-rrii\/files\/2014\/12\/Elvira-Rios-126x126.png 126w\" sizes=\"auto, (max-width: 150px) 100vw, 150px\" \/>de As\u00eda y \u00c1frica ALADAA, la cual es dirigida por la profesora R\u00edos, mientras que Caba\u00f1a es su vicepresidenta. El objetivo del workshop fue formar un equipo de trabajo con acad\u00e9micos de distintas instituciones de Am\u00e9rica Latina y crear una red de estudios asi\u00e1ticos que permita una cooperaci\u00f3n internacional entre los acad\u00e9micos.<\/p>\n","protected":false},"excerpt":{"rendered":"<p>Entre los d\u00edas 9 y 11 de noviembre, las investigadoras del CERI, Isabel Caba\u00f1a y Mar\u00eda Elvira R\u00edos asistieron al workshop internacional \u201cPerspectives on Asian Studies in Latin America\u201d, que organiz\u00f3 el South-South Exchange Programme for Research on the History of Development (SEPHIS, Universidad Federal de R\u00edo de Janeiro), el International Institute for Asia Studies (IIAS, Universidad de Leiden) y el International Convention of Asia Scholars (ICAS), en la ciudad de R\u00edo de Janeiro.<\/p>\n","protected":false},"author":22,"featured_media":1988,"comment_status":"open","ping_status":"open","sticky":false,"template":"","format":"standard","meta":{"footnotes":""},"categories":[5,4],"tags":[],"class_list":["post-1987","post","type-post","status-publish","format-standard","has-post-thumbnail","hentry","category-newsletter","category-noticias"],"featured_image_url":"https:\/\/gobierno.udd.cl\/estudio-rrii\/files\/2016\/12\/whorkshop_brasil.png","_links":{"self":[{"href":"https:\/\/gobierno.udd.cl\/estudio-rrii\/wp-json\/wp\/v2\/posts\/1987","targetHints":{"allow":["GET"]}}],"collection":[{"href":"https:\/\/gobierno.udd.cl\/estudio-rrii\/wp-json\/wp\/v2\/posts"}],"about":[{"href":"https:\/\/gobierno.udd.cl\/estudio-rrii\/wp-json\/wp\/v2\/types\/post"}],"author":[{"embeddable":true,"href":"https:\/\/gobierno.udd.cl\/estudio-rrii\/wp-json\/wp\/v2\/users\/22"}],"replies":[{"embeddable":true,"href":"https:\/\/gobierno.udd.cl\/estudio-rrii\/wp-json\/wp\/v2\/comments?post=1987"}],"version-history":[{"count":3,"href":"https:\/\/gobierno.udd.cl\/estudio-rrii\/wp-json\/wp\/v2\/posts\/1987\/revisions"}],"predecessor-version":[{"id":1992,"href":"https:\/\/gobierno.udd.cl\/estudio-rrii\/wp-json\/wp\/v2\/posts\/1987\/revisions\/1992"}],"wp:featuredmedia":[{"embeddable":true,"href":"https:\/\/gobierno.udd.cl\/estudio-rrii\/wp-json\/wp\/v2\/media\/1988"}],"wp:attachment":[{"href":"https:\/\/gobierno.udd.cl\/estudio-rrii\/wp-json\/wp\/v2\/media?parent=1987"}],"wp:term":[{"taxonomy":"category","embeddable":true,"href":"https:\/\/gobierno.udd.cl\/estudio-rrii\/wp-json\/wp\/v2\/categories?post=1987"},{"taxonomy":"post_tag","embeddable":true,"href":"https:\/\/gobierno.udd.cl\/estudio-rrii\/wp-json\/wp\/v2\/tags?post=1987"}],"curies":[{"name":"wp","href":"https:\/\/api.w.org\/{rel}","templated":true}]}}