{"id":1841,"date":"2016-07-31T13:54:23","date_gmt":"2016-07-31T17:54:23","guid":{"rendered":"http:\/\/gobierno.udd.cl\/estudio-rrii\/?p=1841"},"modified":"2016-09-26T23:22:54","modified_gmt":"2016-09-27T02:22:54","slug":"investigadora-del-ceri-isabel-rodriguez-dicto-curso-en-colombia","status":"publish","type":"post","link":"https:\/\/gobierno.udd.cl\/estudio-rrii\/noticias\/2016\/07\/31\/investigadora-del-ceri-isabel-rodriguez-dicto-curso-en-colombia\/","title":{"rendered":"Investigadora del CERI, Isabel Rodr\u00edguez, dict\u00f3 curso en Colombia"},"content":{"rendered":"<p style=\"text-align: justify;\"><a href=\"http:\/\/gobierno.udd.cl\/estudio-rrii\/files\/2016\/07\/diplomado.png\" rel=\"attachment wp-att-1872\"><img loading=\"lazy\" decoding=\"async\" class=\"size-full wp-image-1872 aligncenter\" src=\"http:\/\/gobierno.udd.cl\/estudio-rrii\/files\/2016\/07\/diplomado.png\" alt=\"diplomado\" width=\"251\" height=\"164\" \/><\/a><\/p>\n<p style=\"text-align: justify;\">Isabel Rodr\u00edguez, investigadora del CERI, dict\u00f3 curso internacional sobre Relaciones Internacionales de Am\u00e9rica Latina y la Alianza del Pac\u00edfico, en la Facultad de Ciencias Econ\u00f3micas y Administrativas de la Universidad Cooperativa de Colombia. El curso se enmarca en el tema de su \u00faltimo libro publicado \u201cPerspectivas y Oportunidades de la Alianza del Pac\u00edfico\u201d (2015, CESA Ediciones). El curso tuvo una duraci\u00f3n de 120 horas y se realiz\u00f3 entre los d\u00edas 20 y 24 de junio. El tema principal que abord\u00f3 la investigadora fue sobre\u00a0<strong>el contexto de las relaciones internacionales del mundo multipolar en que se inserta la Alianza del Pac\u00edfico<\/strong>, con temas tales como: La importancia de la vinculaci\u00f3n de pa\u00edses observadores de distintos continentes en la consolidaci\u00f3n de los prop\u00f3sitos de integraci\u00f3n de la Alianza del Pac\u00edfico para llegar a Asia del Este; las posiciones frente a la Alianza del Pac\u00edfico de los pa\u00edses que se disputan el liderazgo latinoamericano: Brasil y M\u00e9xico; las caracter\u00edsticas de los pa\u00edses de Asia Pac\u00edfico: China, Corea del sur, Jap\u00f3n y pa\u00edses integrantes de la ASEAN; las\u00a0expectativas de estos pa\u00edses asi\u00e1ticos frente la integraci\u00f3n de Am\u00e9rica Latina y las posibilidades de facilitar acciones conjuntas de los pa\u00edses de la Alianza del Pac\u00edfico para ingresar a sus mercados.<\/p>\n<p style=\"text-align: justify;\">M\u00e1s informaci\u00f3n se puede ver en el siguiente link\u00a0<a href=\"http:\/\/www.ucc.edu.co\/bogota\/prensa\/2016\/Paginas\/Relaciones-internacionales-en-diplomado-Alianza-Pacifico.aspx\">http:\/\/www.ucc.edu.co\/bogota\/prensa\/2016\/Paginas\/Relaciones-internacionales-en-diplomado-Alianza-Pacifico.aspx<\/a><\/p>\n<p><iframe loading=\"lazy\" title=\"TM Isabel Rodriguez Aranda\" width=\"500\" height=\"281\" src=\"https:\/\/www.youtube.com\/embed\/QyFJxOJkD7Q?feature=oembed\" frameborder=\"0\" allow=\"accelerometer; autoplay; clipboard-write; encrypted-media; gyroscope; picture-in-picture; web-share\" referrerpolicy=\"strict-origin-when-cross-origin\" allowfullscreen><\/iframe><\/p>\n","protected":false},"excerpt":{"rendered":"<p>Isabel Rodr\u00edguez, investigadora del CERI, dict\u00f3 curso internacional sobre Relaciones Internacionales de Am\u00e9rica Latina y la Alianza del Pac\u00edfico, en la Facultad de Ciencias Econ\u00f3micas y Administrativas de la Universidad Cooperativa de Colombia. El curso se enmarca en el tema de su \u00faltimo libro publicado \u201cPerspectivas y Oportunidades de la Alianza del Pac\u00edfico\u201d (2015, CESA [&hellip;]<\/p>\n","protected":false},"author":22,"featured_media":1872,"comment_status":"open","ping_status":"open","sticky":false,"template":"","format":"standard","meta":{"footnotes":""},"categories":[5,4],"tags":[],"class_list":["post-1841","post","type-post","status-publish","format-standard","has-post-thumbnail","hentry","category-newsletter","category-noticias"],"featured_image_url":"https:\/\/gobierno.udd.cl\/estudio-rrii\/files\/2016\/07\/diplomado.png","_links":{"self":[{"href":"https:\/\/gobierno.udd.cl\/estudio-rrii\/wp-json\/wp\/v2\/posts\/1841","targetHints":{"allow":["GET"]}}],"collection":[{"href":"https:\/\/gobierno.udd.cl\/estudio-rrii\/wp-json\/wp\/v2\/posts"}],"about":[{"href":"https:\/\/gobierno.udd.cl\/estudio-rrii\/wp-json\/wp\/v2\/types\/post"}],"author":[{"embeddable":true,"href":"https:\/\/gobierno.udd.cl\/estudio-rrii\/wp-json\/wp\/v2\/users\/22"}],"replies":[{"embeddable":true,"href":"https:\/\/gobierno.udd.cl\/estudio-rrii\/wp-json\/wp\/v2\/comments?post=1841"}],"version-history":[{"count":3,"href":"https:\/\/gobierno.udd.cl\/estudio-rrii\/wp-json\/wp\/v2\/posts\/1841\/revisions"}],"predecessor-version":[{"id":1884,"href":"https:\/\/gobierno.udd.cl\/estudio-rrii\/wp-json\/wp\/v2\/posts\/1841\/revisions\/1884"}],"wp:featuredmedia":[{"embeddable":true,"href":"https:\/\/gobierno.udd.cl\/estudio-rrii\/wp-json\/wp\/v2\/media\/1872"}],"wp:attachment":[{"href":"https:\/\/gobierno.udd.cl\/estudio-rrii\/wp-json\/wp\/v2\/media?parent=1841"}],"wp:term":[{"taxonomy":"category","embeddable":true,"href":"https:\/\/gobierno.udd.cl\/estudio-rrii\/wp-json\/wp\/v2\/categories?post=1841"},{"taxonomy":"post_tag","embeddable":true,"href":"https:\/\/gobierno.udd.cl\/estudio-rrii\/wp-json\/wp\/v2\/tags?post=1841"}],"curies":[{"name":"wp","href":"https:\/\/api.w.org\/{rel}","templated":true}]}}