{"id":1784,"date":"2016-05-30T21:59:02","date_gmt":"2016-05-31T01:59:02","guid":{"rendered":"http:\/\/gobierno.udd.cl\/estudio-rrii\/?p=1784"},"modified":"2016-07-06T21:10:49","modified_gmt":"2016-07-07T01:10:49","slug":"investigador-del-ceri-publica-en-revista-relaciones-internacionales-estrategia-y-seguridad","status":"publish","type":"post","link":"https:\/\/gobierno.udd.cl\/estudio-rrii\/noticias\/2016\/05\/30\/investigador-del-ceri-publica-en-revista-relaciones-internacionales-estrategia-y-seguridad\/","title":{"rendered":"Investigador del CERI, publica en Revista Relaciones Internacionales, Estrategia y Seguridad"},"content":{"rendered":"<p style=\"text-align: justify;\"><a href=\"http:\/\/gobierno.udd.cl\/estudio-rrii\/files\/2015\/10\/unnamed.jpg\" rel=\"attachment wp-att-1321\"><img loading=\"lazy\" decoding=\"async\" class=\"size-medium wp-image-1321 aligncenter\" src=\"http:\/\/gobierno.udd.cl\/estudio-rrii\/files\/2015\/10\/unnamed-300x291.jpg\" alt=\"unnamed\" width=\"300\" height=\"291\" srcset=\"https:\/\/gobierno.udd.cl\/estudio-rrii\/files\/2015\/10\/unnamed-300x291.jpg 300w, https:\/\/gobierno.udd.cl\/estudio-rrii\/files\/2015\/10\/unnamed.jpg 350w\" sizes=\"auto, (max-width: 300px) 100vw, 300px\" \/><\/a><\/p>\n<p style=\"text-align: justify;\">El investigador del Centro de Estudios de Relaciones Internacionales, Javier Recabarren, publicar\u00e1 en la Revista Relaciones Internacionales, Estrategia y Seguridad, Volumen 12, n\u00famero 2, julio-diciembre de 2016. El t\u00edtulo del art\u00edculo es: Actores nos gubernamentales internos en la integraci\u00f3n Latinoam\u00e9rica: participaci\u00f3n de los empresarios industriales chilenos ante las iniciativas de integraci\u00f3n Latinoamericana del Gobierno de Eduardo Frei Montalva, 1964-1970.<\/p>\n<p style=\"text-align: justify;\">El art\u00edculo analiza, en el marco de los trabajos de pol\u00edtica exterior de Chile y los estudios de An\u00e1lisis de Pol\u00edtica Exterior, la participaci\u00f3n y el papel que cumplieron tres importantes entidades empresariales chilenas -la Confederaci\u00f3n de la Producci\u00f3n y del Comercio (CPC), la Sociedad de Fomento Fabril (Sofofa) y la Asociaci\u00f3n de Industriales Metal\u00fargicos (Asimet)-, en las iniciativas del gobierno chileno de Eduardo Frei Montalva para dinamizar y profundizar el proceso de integraci\u00f3n Latinoam\u00e9rica entre los a\u00f1os 1964 y 1970. Afirmamos que los actores empresariales escogidos apoyaron los esquemas de integraci\u00f3n, as\u00ed como las medidas del gobierno en ese proceso, de manera m\u00e1s intensa que en a\u00f1os anteriores, lo que permiti\u00f3 fortalecer la posici\u00f3n chilena para liderar cambios en la integraci\u00f3n regional. Para tal efecto se realiz\u00f3 una exhaustiva recopilaci\u00f3n de fuentes primarias de la \u00e9poca y se utilizaron las variables de los estudios de An\u00e1lisis de Pol\u00edtica Exterior, para examinar la importancia de trabajar a los actores no gubernamentales internos en relaci\u00f3n a la pol\u00edtica exterior de un pa\u00eds.<\/p>\n","protected":false},"excerpt":{"rendered":"<p>El investigador del Centro de Estudios de Relaciones Internacionales, Javier Recabarren, publicar\u00e1 en la Revista Relaciones Internacionales, Estrategia y Seguridad, Volumen 12, n\u00famero 2, julio-diciembre de 2016. El t\u00edtulo del art\u00edculo es: Actores nos gubernamentales internos en la integraci\u00f3n Latinoam\u00e9rica: participaci\u00f3n de los empresarios industriales chilenos ante las iniciativas de integraci\u00f3n Latinoamericana del Gobierno de Eduardo Frei Montalva, 1964-1970.<\/p>\n","protected":false},"author":22,"featured_media":1321,"comment_status":"open","ping_status":"open","sticky":false,"template":"","format":"standard","meta":{"footnotes":""},"categories":[5,4],"tags":[],"class_list":["post-1784","post","type-post","status-publish","format-standard","has-post-thumbnail","hentry","category-newsletter","category-noticias"],"featured_image_url":"https:\/\/gobierno.udd.cl\/estudio-rrii\/files\/2015\/10\/unnamed.jpg","_links":{"self":[{"href":"https:\/\/gobierno.udd.cl\/estudio-rrii\/wp-json\/wp\/v2\/posts\/1784","targetHints":{"allow":["GET"]}}],"collection":[{"href":"https:\/\/gobierno.udd.cl\/estudio-rrii\/wp-json\/wp\/v2\/posts"}],"about":[{"href":"https:\/\/gobierno.udd.cl\/estudio-rrii\/wp-json\/wp\/v2\/types\/post"}],"author":[{"embeddable":true,"href":"https:\/\/gobierno.udd.cl\/estudio-rrii\/wp-json\/wp\/v2\/users\/22"}],"replies":[{"embeddable":true,"href":"https:\/\/gobierno.udd.cl\/estudio-rrii\/wp-json\/wp\/v2\/comments?post=1784"}],"version-history":[{"count":2,"href":"https:\/\/gobierno.udd.cl\/estudio-rrii\/wp-json\/wp\/v2\/posts\/1784\/revisions"}],"predecessor-version":[{"id":1802,"href":"https:\/\/gobierno.udd.cl\/estudio-rrii\/wp-json\/wp\/v2\/posts\/1784\/revisions\/1802"}],"wp:featuredmedia":[{"embeddable":true,"href":"https:\/\/gobierno.udd.cl\/estudio-rrii\/wp-json\/wp\/v2\/media\/1321"}],"wp:attachment":[{"href":"https:\/\/gobierno.udd.cl\/estudio-rrii\/wp-json\/wp\/v2\/media?parent=1784"}],"wp:term":[{"taxonomy":"category","embeddable":true,"href":"https:\/\/gobierno.udd.cl\/estudio-rrii\/wp-json\/wp\/v2\/categories?post=1784"},{"taxonomy":"post_tag","embeddable":true,"href":"https:\/\/gobierno.udd.cl\/estudio-rrii\/wp-json\/wp\/v2\/tags?post=1784"}],"curies":[{"name":"wp","href":"https:\/\/api.w.org\/{rel}","templated":true}]}}