{"id":1775,"date":"2016-05-30T21:50:24","date_gmt":"2016-05-31T01:50:24","guid":{"rendered":"http:\/\/gobierno.udd.cl\/estudio-rrii\/?p=1775"},"modified":"2016-07-06T21:09:32","modified_gmt":"2016-07-07T01:09:32","slug":"ceri-organiza-primera-charla-sobre-paises-de-asean","status":"publish","type":"post","link":"https:\/\/gobierno.udd.cl\/estudio-rrii\/noticias\/2016\/05\/30\/ceri-organiza-primera-charla-sobre-paises-de-asean\/","title":{"rendered":"CERI organiza primera charla sobre pa\u00edses de ASEAN"},"content":{"rendered":"<p style=\"text-align: justify;\"><a href=\"http:\/\/gobierno.udd.cl\/estudio-rrii\/files\/2016\/05\/primera_charla_asean.png\" rel=\"attachment wp-att-1787\"><img loading=\"lazy\" decoding=\"async\" class=\"size-medium wp-image-1787 aligncenter\" src=\"http:\/\/gobierno.udd.cl\/estudio-rrii\/files\/2016\/05\/primera_charla_asean-300x196.png\" alt=\"primera_charla_asean\" width=\"300\" height=\"196\" srcset=\"https:\/\/gobierno.udd.cl\/estudio-rrii\/files\/2016\/05\/primera_charla_asean-300x196.png 300w, https:\/\/gobierno.udd.cl\/estudio-rrii\/files\/2016\/05\/primera_charla_asean-768x502.png 768w, https:\/\/gobierno.udd.cl\/estudio-rrii\/files\/2016\/05\/primera_charla_asean-660x430.png 660w, https:\/\/gobierno.udd.cl\/estudio-rrii\/files\/2016\/05\/primera_charla_asean.png 769w\" sizes=\"auto, (max-width: 300px) 100vw, 300px\" \/><\/a><\/p>\n<p style=\"text-align: justify;\">Con el objetivo de promocionar los estudios y conocimientos del continente asi\u00e1tico y en espec\u00edfico los pa\u00edses pertenecientes a la Asociaci\u00f3n de Naciones del Sudeste Asi\u00e1tico (ASEAN), el <a href=\"http:\/\/gobierno.udd.cl\/estudio-rrii\/\">Centro de Estudios de Relaciones Internacionales\u00a0(CERI)<\/a> llev\u00f3 a cabo la primera charla de este ciclo sobre Indonesia.<\/p>\n<p style=\"text-align: justify;\">El expositor invitado fue el delegado cultural de la Embajada de Indonesia, Gilang Gubilar, quien realiz\u00f3 una charla a los alumnos del curso Globalizaci\u00f3n y culturas asi\u00e1ticas para dar una introducci\u00f3n sobre su pa\u00eds en temas de sociedad, econom\u00eda, pol\u00edtica, cultura e idioma, adem\u00e1s de presentar un baile t\u00edpico.<\/p>\n","protected":false},"excerpt":{"rendered":"<p>Con el objetivo de promocionar los estudios y conocimientos del continente asi\u00e1tico y en espec\u00edfico los pa\u00edses pertenecientes a la Asociaci\u00f3n de Naciones del Sudeste Asi\u00e1tico (ASEAN), el Centro de Estudios de Relaciones Internacionales (CERI) llev\u00f3 a cabo la primera charla de este ciclo sobre Indonesia.<\/p>\n","protected":false},"author":22,"featured_media":1787,"comment_status":"open","ping_status":"open","sticky":false,"template":"","format":"standard","meta":{"footnotes":""},"categories":[5,4],"tags":[],"class_list":["post-1775","post","type-post","status-publish","format-standard","has-post-thumbnail","hentry","category-newsletter","category-noticias"],"featured_image_url":"https:\/\/gobierno.udd.cl\/estudio-rrii\/files\/2016\/05\/primera_charla_asean.png","_links":{"self":[{"href":"https:\/\/gobierno.udd.cl\/estudio-rrii\/wp-json\/wp\/v2\/posts\/1775","targetHints":{"allow":["GET"]}}],"collection":[{"href":"https:\/\/gobierno.udd.cl\/estudio-rrii\/wp-json\/wp\/v2\/posts"}],"about":[{"href":"https:\/\/gobierno.udd.cl\/estudio-rrii\/wp-json\/wp\/v2\/types\/post"}],"author":[{"embeddable":true,"href":"https:\/\/gobierno.udd.cl\/estudio-rrii\/wp-json\/wp\/v2\/users\/22"}],"replies":[{"embeddable":true,"href":"https:\/\/gobierno.udd.cl\/estudio-rrii\/wp-json\/wp\/v2\/comments?post=1775"}],"version-history":[{"count":2,"href":"https:\/\/gobierno.udd.cl\/estudio-rrii\/wp-json\/wp\/v2\/posts\/1775\/revisions"}],"predecessor-version":[{"id":1796,"href":"https:\/\/gobierno.udd.cl\/estudio-rrii\/wp-json\/wp\/v2\/posts\/1775\/revisions\/1796"}],"wp:featuredmedia":[{"embeddable":true,"href":"https:\/\/gobierno.udd.cl\/estudio-rrii\/wp-json\/wp\/v2\/media\/1787"}],"wp:attachment":[{"href":"https:\/\/gobierno.udd.cl\/estudio-rrii\/wp-json\/wp\/v2\/media?parent=1775"}],"wp:term":[{"taxonomy":"category","embeddable":true,"href":"https:\/\/gobierno.udd.cl\/estudio-rrii\/wp-json\/wp\/v2\/categories?post=1775"},{"taxonomy":"post_tag","embeddable":true,"href":"https:\/\/gobierno.udd.cl\/estudio-rrii\/wp-json\/wp\/v2\/tags?post=1775"}],"curies":[{"name":"wp","href":"https:\/\/api.w.org\/{rel}","templated":true}]}}