{"id":1766,"date":"2016-05-30T21:40:26","date_gmt":"2016-05-31T01:40:26","guid":{"rendered":"http:\/\/gobierno.udd.cl\/estudio-rrii\/?p=1766"},"modified":"2016-05-30T21:55:15","modified_gmt":"2016-05-31T01:55:15","slug":"editorial-n14","status":"publish","type":"post","link":"https:\/\/gobierno.udd.cl\/estudio-rrii\/noticias\/2016\/05\/30\/editorial-n14\/","title":{"rendered":"Editorial N\u00b014"},"content":{"rendered":"<p style=\"text-align: justify;\">Prospectiva Internacional es el Bolet\u00edn del Centro de Estudios de Relaciones Internacionales (CERI) que se emite cada dos meses con dos objetivos principales. El primero, contribuir al debate y a una comprensi\u00f3n detallada de algunos acontecimientos coyunturales de la realidad internacional, a trav\u00e9s de columnas de opini\u00f3n de los acad\u00e9micos de la Facultad de Gobierno de la Universidad del Desarrollo. El segundo, dar a conocer a nuestros lectores las actividades que se est\u00e1n realizando en el nuestro centro de investigaci\u00f3n CERI.<\/p>\n<p style=\"text-align: justify;\">En el Bolet\u00edn, N\u00ba 14, abril-mayo 2016, los columnistas analizan diversos temas que han sido de inter\u00e9s a nivel internacional as\u00ed como nacional.<\/p>\n<p style=\"text-align: justify;\">Miguel \u00c1ngel Fern\u00e1ndez, analiza las razones que han llevado a la actual crisis pol\u00edtica en Brasil con la destituci\u00f3n de Dilma Rousseff y el proceso de impeachment en su contra.<\/p>\n<p style=\"text-align: justify;\">Pablo Ampuero examina la figura y el liderazgo pol\u00edtico del actual mandatario chino, Xi Jinping, desde que lleg\u00f3 al poder en el a\u00f1o 2012.<\/p>\n<p style=\"text-align: justify;\">Soledad reyes, desde un punto de vista cr\u00edtico, busca comprender la reciente e hist\u00f3rica vista del Presidente norteamericano, Barack Obama, a Cuba.<\/p>\n<p style=\"text-align: justify;\">Isabel Caba\u00f1as analiza la reciente visita de Barack Obama a Vietnam y las implicancias del acuerdo para poner fin a la venta de armas al pa\u00eds asi\u00e1tico por parte de EE.UU.<\/p>\n<p style=\"text-align: justify;\">Por \u00faltimo se detallan las \u00faltimas noticias relevantes que reflejan las actividades acad\u00e9micas y de extensi\u00f3n del CERI.<\/p>\n<div class=\"grid-8\" style=\"width: 400px; background-color: #efefef; padding: 15px;\">\n<div style=\"width: 50px; float: left; text-align: justify;\" align=\"left\"><\/div>\n<div style=\"width: 280px; float: right;\" align=\"right\">\n<h3>Yun-Tso Lee<\/h3>\n<p>Director del Centro de Estudios de Relaciones Internacionales (CERI)<br \/>\nFacultad de Gobierno, Universidad del Desarrollo<br \/>\nDoctor en Ciencias Pol\u00edticas y Sociolog\u00eda, Universidad Complutense de Madrid<br \/>\n<a href=\"mailto:ylee@udd.cl\">ylee@udd.cl<\/a><\/p>\n<\/div>\n<\/div>\n","protected":false},"excerpt":{"rendered":"<p>Prospectiva Internacional es el Bolet\u00edn del Centro de Estudios de Relaciones Internacionales (CERI) que se emite cada dos meses con dos objetivos principales. El primero, contribuir al debate y a una comprensi\u00f3n detallada de algunos acontecimientos coyunturales de la realidad internacional, a trav\u00e9s de columnas de opini\u00f3n de los acad\u00e9micos de la Facultad de Gobierno [&hellip;]<\/p>\n","protected":false},"author":22,"featured_media":1781,"comment_status":"open","ping_status":"open","sticky":false,"template":"","format":"standard","meta":{"footnotes":""},"categories":[5],"tags":[],"class_list":["post-1766","post","type-post","status-publish","format-standard","has-post-thumbnail","hentry","category-newsletter"],"featured_image_url":"https:\/\/gobierno.udd.cl\/estudio-rrii\/files\/2016\/05\/CERI1-317x220-300x208.png","_links":{"self":[{"href":"https:\/\/gobierno.udd.cl\/estudio-rrii\/wp-json\/wp\/v2\/posts\/1766","targetHints":{"allow":["GET"]}}],"collection":[{"href":"https:\/\/gobierno.udd.cl\/estudio-rrii\/wp-json\/wp\/v2\/posts"}],"about":[{"href":"https:\/\/gobierno.udd.cl\/estudio-rrii\/wp-json\/wp\/v2\/types\/post"}],"author":[{"embeddable":true,"href":"https:\/\/gobierno.udd.cl\/estudio-rrii\/wp-json\/wp\/v2\/users\/22"}],"replies":[{"embeddable":true,"href":"https:\/\/gobierno.udd.cl\/estudio-rrii\/wp-json\/wp\/v2\/comments?post=1766"}],"version-history":[{"count":2,"href":"https:\/\/gobierno.udd.cl\/estudio-rrii\/wp-json\/wp\/v2\/posts\/1766\/revisions"}],"predecessor-version":[{"id":1769,"href":"https:\/\/gobierno.udd.cl\/estudio-rrii\/wp-json\/wp\/v2\/posts\/1766\/revisions\/1769"}],"wp:featuredmedia":[{"embeddable":true,"href":"https:\/\/gobierno.udd.cl\/estudio-rrii\/wp-json\/wp\/v2\/media\/1781"}],"wp:attachment":[{"href":"https:\/\/gobierno.udd.cl\/estudio-rrii\/wp-json\/wp\/v2\/media?parent=1766"}],"wp:term":[{"taxonomy":"category","embeddable":true,"href":"https:\/\/gobierno.udd.cl\/estudio-rrii\/wp-json\/wp\/v2\/categories?post=1766"},{"taxonomy":"post_tag","embeddable":true,"href":"https:\/\/gobierno.udd.cl\/estudio-rrii\/wp-json\/wp\/v2\/tags?post=1766"}],"curies":[{"name":"wp","href":"https:\/\/api.w.org\/{rel}","templated":true}]}}