{"id":1764,"date":"2016-05-30T21:44:22","date_gmt":"2016-05-31T01:44:22","guid":{"rendered":"http:\/\/gobierno.udd.cl\/estudio-rrii\/?p=1764"},"modified":"2016-07-06T21:06:24","modified_gmt":"2016-07-07T01:06:24","slug":"isabel-rodriguez-participo-del-taller-n-4-del-libro-de-la-defensa-2017-organizado-por-la-subsecretaria-de-defensa","status":"publish","type":"post","link":"https:\/\/gobierno.udd.cl\/estudio-rrii\/noticias\/2016\/05\/30\/isabel-rodriguez-participo-del-taller-n-4-del-libro-de-la-defensa-2017-organizado-por-la-subsecretaria-de-defensa\/","title":{"rendered":"Isabel Rodr\u00edguez particip\u00f3 del Taller N\u00b0 4 del Libro de la Defensa 2017 organizado por la Subsecretar\u00eda de Defensa"},"content":{"rendered":"<p style=\"text-align: justify;\"><a href=\"http:\/\/gobierno.udd.cl\/estudio-rrii\/files\/2016\/07\/Isabel_Rodriguez.jpg\" rel=\"attachment wp-att-1831\"><img loading=\"lazy\" decoding=\"async\" class=\"size-medium wp-image-1831 aligncenter\" src=\"http:\/\/gobierno.udd.cl\/estudio-rrii\/files\/2016\/07\/Isabel_Rodriguez-300x158.jpg\" alt=\"Isabel_Rodriguez\" width=\"300\" height=\"158\" srcset=\"https:\/\/gobierno.udd.cl\/estudio-rrii\/files\/2016\/07\/Isabel_Rodriguez-300x158.jpg 300w, https:\/\/gobierno.udd.cl\/estudio-rrii\/files\/2016\/07\/Isabel_Rodriguez.jpg 720w\" sizes=\"auto, (max-width: 300px) 100vw, 300px\" \/><\/a><\/p>\n<p style=\"text-align: justify;\">Este 12 de mayo la Directora de Carrera e investigadora del CERI, Isabel Rodr\u00edguez, particip\u00f3 del <a href=\"http:\/\/www.anepe.cl\/2016\/05\/taller-n-4-del-libro-de-la-defensa-2017-realiza-subsecretaria-de-defensa-en-la-anepe\/\">Taller N\u00b0 4 del Libro de la Defensa 2017 organizado por la Subsecretar\u00eda de Defensa y realizado en la Academia Nacional de Estudios Pol\u00edticos y Estrat\u00e9gicos, ANEPE<\/a>.<\/p>\n<p style=\"text-align: justify;\">En la oportunidad, la acad\u00e9mica present\u00f3 un an\u00e1lisis sobre la importancia de la Regi\u00f3n del Asia Pac\u00edfico para la seguridad y defensa de Chile. Al respecto, la pol\u00edtica exterior de Xi Jinping conceptualizada en el Sue\u00f1o Chino, demuestra que el ascenso de China est\u00e1 provocando importantes efectos en la seguridad regional afectando la posici\u00f3n de poder de los distintos actores con importantes consecuencias para la cooperaci\u00f3n de Chile en la regi\u00f3n.<\/p>\n<p style=\"text-align: justify;\">M\u00e1s informaci\u00f3n aqu\u00ed:<\/p>\n<h5 style=\"text-align: justify;\"><a href=\"http:\/\/www.anepe.cl\/2016\/05\/taller-n-4-del-libro-de-la-defensa-2017-realiza-subsecretaria-de-defensa-en-la-anepe\/\" target=\"_blank\">Taller N\u00b04 Libro de la Defensa\u00a0<\/a><\/h5>\n","protected":false},"excerpt":{"rendered":"<p>La Directora de la carrera de Ciencia Pol\u00edtica y Pol\u00edticas P\u00fablicas e investigadora del CERI, Isabel Rodr\u00edguez, particip\u00f3 del Taller N\u00b0 4 del Libro de la Defensa 2017 organizado por la Subsecretar\u00eda de Defensa y realizado en la Academia Nacional de Estudios Pol\u00edticos y Estrat\u00e9gicos, ANEPE. <\/p>\n","protected":false},"author":22,"featured_media":1831,"comment_status":"open","ping_status":"open","sticky":false,"template":"","format":"standard","meta":{"footnotes":""},"categories":[5,4],"tags":[],"class_list":["post-1764","post","type-post","status-publish","format-standard","has-post-thumbnail","hentry","category-newsletter","category-noticias"],"featured_image_url":"https:\/\/gobierno.udd.cl\/estudio-rrii\/files\/2016\/07\/Isabel_Rodriguez.jpg","_links":{"self":[{"href":"https:\/\/gobierno.udd.cl\/estudio-rrii\/wp-json\/wp\/v2\/posts\/1764","targetHints":{"allow":["GET"]}}],"collection":[{"href":"https:\/\/gobierno.udd.cl\/estudio-rrii\/wp-json\/wp\/v2\/posts"}],"about":[{"href":"https:\/\/gobierno.udd.cl\/estudio-rrii\/wp-json\/wp\/v2\/types\/post"}],"author":[{"embeddable":true,"href":"https:\/\/gobierno.udd.cl\/estudio-rrii\/wp-json\/wp\/v2\/users\/22"}],"replies":[{"embeddable":true,"href":"https:\/\/gobierno.udd.cl\/estudio-rrii\/wp-json\/wp\/v2\/comments?post=1764"}],"version-history":[{"count":3,"href":"https:\/\/gobierno.udd.cl\/estudio-rrii\/wp-json\/wp\/v2\/posts\/1764\/revisions"}],"predecessor-version":[{"id":1833,"href":"https:\/\/gobierno.udd.cl\/estudio-rrii\/wp-json\/wp\/v2\/posts\/1764\/revisions\/1833"}],"wp:featuredmedia":[{"embeddable":true,"href":"https:\/\/gobierno.udd.cl\/estudio-rrii\/wp-json\/wp\/v2\/media\/1831"}],"wp:attachment":[{"href":"https:\/\/gobierno.udd.cl\/estudio-rrii\/wp-json\/wp\/v2\/media?parent=1764"}],"wp:term":[{"taxonomy":"category","embeddable":true,"href":"https:\/\/gobierno.udd.cl\/estudio-rrii\/wp-json\/wp\/v2\/categories?post=1764"},{"taxonomy":"post_tag","embeddable":true,"href":"https:\/\/gobierno.udd.cl\/estudio-rrii\/wp-json\/wp\/v2\/tags?post=1764"}],"curies":[{"name":"wp","href":"https:\/\/api.w.org\/{rel}","templated":true}]}}