{"id":1649,"date":"2016-04-02T11:01:43","date_gmt":"2016-04-02T14:01:43","guid":{"rendered":"http:\/\/gobierno.udd.cl\/estudio-rrii\/?p=1649"},"modified":"2016-05-27T13:52:50","modified_gmt":"2016-05-27T17:52:50","slug":"editorial-n13","status":"publish","type":"post","link":"https:\/\/gobierno.udd.cl\/estudio-rrii\/noticias\/2016\/04\/02\/editorial-n13\/","title":{"rendered":"Editorial N\u00b013"},"content":{"rendered":"<p style=\"text-align: justify;\">Prospectiva Internacional es el Bolet\u00edn del Centro de Estudios de Relaciones Internacionales (CERI) que se emite cada dos meses con dos objetivos principales. El primero, contribuir al debate y a una comprensi\u00f3n detallada de algunos acontecimientos coyunturales de la realidad internacional, a trav\u00e9s de columnas de opini\u00f3n de los acad\u00e9micos de la Facultad de Gobierno de la Universidad del Desarrollo. El segundo, dar a conocer a nuestros lectores las actividades que se est\u00e1n realizando en el nuestro centro de investigaci\u00f3n CERI.<\/p>\n<p style=\"text-align: justify;\">En el Bolet\u00edn, N\u00ba 13, febrero-marzo de 2016, los columnistas analizan diversos temas que han sido de inter\u00e9s a nivel internacional, con un \u00e9nfasis en acontecimientos y procesos en el continente Latinoamericano.<\/p>\n<p style=\"text-align: justify;\">Jorge Sanz analiza el refer\u00e9ndum en Bolivia realizado en febrero de 2016, donde triunf\u00f3 la opci\u00f3n No. Sanz intenta explicar las razones que llevaron a que Evo Morales fuese derrotado y no pueda volver a presentarse como presidente en las pr\u00f3ximas elecciones.<\/p>\n<p style=\"text-align: justify;\">Gonzalo Garc\u00eda, por su parte, busca explicar en su columna de qu\u00e9 manera fue percibido el discurso del Papa Francisco durante su visita a M\u00e9xico, donde por una parte se reconoce su aporte cr\u00edtico a los problemas de M\u00e9xico, pero por otra parte se le critica un cierto oportunismo pol\u00edtico.<\/p>\n<p style=\"text-align: justify;\">Jos\u00e9 Lu\u00eds Ib\u00e1\u00f1ez busca aportar a la explicaci\u00f3n de los acontecimientos en la Guerra de Siria, una guerra compleja de entender y que pareciera desarrollarse en un \u201cmanto de misterio\u201d. De esta manera el autor analiza principalmente los \u00faltimos acontecimientos de esta guerra con la tregua entre EE.UU. y Rusia.<\/p>\n<p style=\"text-align: justify;\">Por \u00faltimo se detallan las \u00faltimas noticias relevantes que reflejan las actividades acad\u00e9micas y de extensi\u00f3n del CERI.<\/p>\n<div class=\"grid-8\" style=\"width: 400px; background-color: #efefef; padding: 15px;\">\n<div style=\"width: 50px; float: left; text-align: justify;\" align=\"left\"><\/div>\n<div style=\"width: 280px; float: right;\" align=\"right\">\n<h3>Yun-Tso Lee<\/h3>\n<p>Director del Centro de Estudios de Relaciones Internacionales (CERI)<br \/>\nFacultad de Gobierno, Universidad del Desarrollo<br \/>\nDoctor en Ciencias Pol\u00edticas y Sociolog\u00eda, Universidad Complutense de Madrid<br \/>\n<a href=\"mailto:ylee@udd.cl\">ylee@udd.cl<\/a><\/p>\n<\/div>\n<\/div>\n","protected":false},"excerpt":{"rendered":"<p>Prospectiva Internacional es el Bolet\u00edn del Centro de Estudios de Relaciones Internacionales (CERI) que se emite cada dos meses con dos objetivos principales. El primero, contribuir al debate y a una comprensi\u00f3n detallada de algunos acontecimientos coyunturales de la realidad internacional, a trav\u00e9s de columnas de opini\u00f3n de los acad\u00e9micos de la Facultad de Gobierno [&hellip;]<\/p>\n","protected":false},"author":22,"featured_media":1653,"comment_status":"open","ping_status":"open","sticky":false,"template":"","format":"standard","meta":{"footnotes":""},"categories":[5],"tags":[],"class_list":["post-1649","post","type-post","status-publish","format-standard","has-post-thumbnail","hentry","category-newsletter"],"featured_image_url":"https:\/\/gobierno.udd.cl\/estudio-rrii\/files\/2016\/04\/CERI1-317x220-300x208.png","_links":{"self":[{"href":"https:\/\/gobierno.udd.cl\/estudio-rrii\/wp-json\/wp\/v2\/posts\/1649","targetHints":{"allow":["GET"]}}],"collection":[{"href":"https:\/\/gobierno.udd.cl\/estudio-rrii\/wp-json\/wp\/v2\/posts"}],"about":[{"href":"https:\/\/gobierno.udd.cl\/estudio-rrii\/wp-json\/wp\/v2\/types\/post"}],"author":[{"embeddable":true,"href":"https:\/\/gobierno.udd.cl\/estudio-rrii\/wp-json\/wp\/v2\/users\/22"}],"replies":[{"embeddable":true,"href":"https:\/\/gobierno.udd.cl\/estudio-rrii\/wp-json\/wp\/v2\/comments?post=1649"}],"version-history":[{"count":3,"href":"https:\/\/gobierno.udd.cl\/estudio-rrii\/wp-json\/wp\/v2\/posts\/1649\/revisions"}],"predecessor-version":[{"id":1695,"href":"https:\/\/gobierno.udd.cl\/estudio-rrii\/wp-json\/wp\/v2\/posts\/1649\/revisions\/1695"}],"wp:featuredmedia":[{"embeddable":true,"href":"https:\/\/gobierno.udd.cl\/estudio-rrii\/wp-json\/wp\/v2\/media\/1653"}],"wp:attachment":[{"href":"https:\/\/gobierno.udd.cl\/estudio-rrii\/wp-json\/wp\/v2\/media?parent=1649"}],"wp:term":[{"taxonomy":"category","embeddable":true,"href":"https:\/\/gobierno.udd.cl\/estudio-rrii\/wp-json\/wp\/v2\/categories?post=1649"},{"taxonomy":"post_tag","embeddable":true,"href":"https:\/\/gobierno.udd.cl\/estudio-rrii\/wp-json\/wp\/v2\/tags?post=1649"}],"curies":[{"name":"wp","href":"https:\/\/api.w.org\/{rel}","templated":true}]}}