{"id":1648,"date":"2016-04-02T11:04:05","date_gmt":"2016-04-02T14:04:05","guid":{"rendered":"http:\/\/gobierno.udd.cl\/estudio-rrii\/?p=1648"},"modified":"2016-04-04T13:06:48","modified_gmt":"2016-04-04T16:06:48","slug":"investigadora-del-ceri-expone-en-iii-congreso-internacional-sobre-ensenanza-del-chino","status":"publish","type":"post","link":"https:\/\/gobierno.udd.cl\/estudio-rrii\/noticias\/2016\/04\/02\/investigadora-del-ceri-expone-en-iii-congreso-internacional-sobre-ensenanza-del-chino\/","title":{"rendered":"Investigadora del CERI expone en III Congreso Internacional sobre Ense\u00f1anza del Chino"},"content":{"rendered":"<p style=\"text-align: justify;\"><a href=\"http:\/\/gobierno.udd.cl\/estudio-rrii\/files\/2016\/04\/invitacion_congreso_ensenanza_chino.png\" rel=\"attachment wp-att-1652\"><img loading=\"lazy\" decoding=\"async\" class=\"size-medium wp-image-1652 aligncenter\" src=\"http:\/\/gobierno.udd.cl\/estudio-rrii\/files\/2016\/04\/invitacion_congreso_ensenanza_chino-300x196.png\" alt=\"invitacion_congreso_ensenanza_chino\" width=\"300\" height=\"196\" srcset=\"https:\/\/gobierno.udd.cl\/estudio-rrii\/files\/2016\/04\/invitacion_congreso_ensenanza_chino-300x196.png 300w, https:\/\/gobierno.udd.cl\/estudio-rrii\/files\/2016\/04\/invitacion_congreso_ensenanza_chino.png 634w\" sizes=\"auto, (max-width: 300px) 100vw, 300px\" \/><\/a><\/p>\n<p style=\"text-align: justify;\">La investigadora del CERI, Mar\u00eda Elvira R\u00edos, expuso en el III Congreso Internacional sobre la Ense\u00f1anza del Chino, que organiz\u00f3 el Centro de Estudios de Asia y \u00c1frica de El Colegio de M\u00e9xico, el Centro Regional de los Institutos Confucio de Am\u00e9rica Latina CELE de la Universidad Aut\u00f3noma de M\u00e9xico (UNAM) y el Instituto Confucio de la UNAM, entre los d\u00edas 8 y 10 de marzo de 2016.<\/p>\n<p style=\"text-align: justify;\">El congreso reuni\u00f3 a acad\u00e9micos de diversas instituciones de Am\u00e9rica Latina, quienes expusieron sobre la problem\u00e1tica de la ense\u00f1anza del chino como tambi\u00e9n de investigaciones en torno a este idioma.<\/p>\n<p style=\"text-align: justify;\">R\u00edos particip\u00f3 con la ponencia \u00abEl budismo en el discurso pol\u00edtico chino: construcci\u00f3n de una narraci\u00f3n pol\u00edtico-religioso\u00bb, en la que present\u00f3 un estudio sobre las frases emblem\u00e1ticas de la asociaci\u00f3n budista china, que utiliza para seguir el discurso patri\u00f3tico que impera en las pol\u00edticas del presidente Xi Jinping.<\/p>\n","protected":false},"excerpt":{"rendered":"<p>La investigadora del CERI, Mar\u00eda Elvira R\u00edos, expuso en el III Congreso Internacional sobre la Ense\u00f1anza del Chino, que organiz\u00f3 el Centro de Estudios de Asia y \u00c1frica de El Colegio de M\u00e9xico, el Centro Regional de los Institutos Confucio de Am\u00e9rica Latina CELE de la Universidad Aut\u00f3noma de M\u00e9xico (UNAM) y el Instituto Confucio de la UNAM, entre los d\u00edas 8 y 10 de marzo de 2016.<\/p>\n","protected":false},"author":22,"featured_media":1652,"comment_status":"open","ping_status":"open","sticky":false,"template":"","format":"standard","meta":{"footnotes":""},"categories":[5],"tags":[],"class_list":["post-1648","post","type-post","status-publish","format-standard","has-post-thumbnail","hentry","category-newsletter"],"featured_image_url":"https:\/\/gobierno.udd.cl\/estudio-rrii\/files\/2016\/04\/invitacion_congreso_ensenanza_chino.png","_links":{"self":[{"href":"https:\/\/gobierno.udd.cl\/estudio-rrii\/wp-json\/wp\/v2\/posts\/1648","targetHints":{"allow":["GET"]}}],"collection":[{"href":"https:\/\/gobierno.udd.cl\/estudio-rrii\/wp-json\/wp\/v2\/posts"}],"about":[{"href":"https:\/\/gobierno.udd.cl\/estudio-rrii\/wp-json\/wp\/v2\/types\/post"}],"author":[{"embeddable":true,"href":"https:\/\/gobierno.udd.cl\/estudio-rrii\/wp-json\/wp\/v2\/users\/22"}],"replies":[{"embeddable":true,"href":"https:\/\/gobierno.udd.cl\/estudio-rrii\/wp-json\/wp\/v2\/comments?post=1648"}],"version-history":[{"count":2,"href":"https:\/\/gobierno.udd.cl\/estudio-rrii\/wp-json\/wp\/v2\/posts\/1648\/revisions"}],"predecessor-version":[{"id":1687,"href":"https:\/\/gobierno.udd.cl\/estudio-rrii\/wp-json\/wp\/v2\/posts\/1648\/revisions\/1687"}],"wp:featuredmedia":[{"embeddable":true,"href":"https:\/\/gobierno.udd.cl\/estudio-rrii\/wp-json\/wp\/v2\/media\/1652"}],"wp:attachment":[{"href":"https:\/\/gobierno.udd.cl\/estudio-rrii\/wp-json\/wp\/v2\/media?parent=1648"}],"wp:term":[{"taxonomy":"category","embeddable":true,"href":"https:\/\/gobierno.udd.cl\/estudio-rrii\/wp-json\/wp\/v2\/categories?post=1648"},{"taxonomy":"post_tag","embeddable":true,"href":"https:\/\/gobierno.udd.cl\/estudio-rrii\/wp-json\/wp\/v2\/tags?post=1648"}],"curies":[{"name":"wp","href":"https:\/\/api.w.org\/{rel}","templated":true}]}}