{"id":1634,"date":"2016-03-15T22:50:26","date_gmt":"2016-03-16T01:50:26","guid":{"rendered":"http:\/\/gobierno.udd.cl\/estudio-rrii\/?p=1634"},"modified":"2016-03-15T22:59:26","modified_gmt":"2016-03-16T01:59:26","slug":"charla-sobre-el-panorama-domestico-e-internacional-de-corea-del-norte-organizada-por-el-ceri","status":"publish","type":"post","link":"https:\/\/gobierno.udd.cl\/estudio-rrii\/noticias\/2016\/03\/15\/charla-sobre-el-panorama-domestico-e-internacional-de-corea-del-norte-organizada-por-el-ceri\/","title":{"rendered":"Charla sobre el Panorama Dom\u00e9stico e Internacional de Corea del Norte Organizada por el CERI"},"content":{"rendered":"<p style=\"text-align: justify;\"><a href=\"http:\/\/gobierno.udd.cl\/estudio-rrii\/files\/2016\/03\/afichecorea.jpg\" rel=\"attachment wp-att-1637\"><img loading=\"lazy\" decoding=\"async\" class=\"size-medium wp-image-1637 alignleft\" src=\"http:\/\/gobierno.udd.cl\/estudio-rrii\/files\/2016\/03\/afichecorea-212x300.jpg\" alt=\"afichecorea\" width=\"212\" height=\"300\" srcset=\"https:\/\/gobierno.udd.cl\/estudio-rrii\/files\/2016\/03\/afichecorea-212x300.jpg 212w, https:\/\/gobierno.udd.cl\/estudio-rrii\/files\/2016\/03\/afichecorea.jpg 342w\" sizes=\"auto, (max-width: 212px) 100vw, 212px\" \/><\/a>El Centro de Estudios de Relaciones Internacionales (CERI), est\u00e1 organizando la charla sobre el \u201cPanorama Dom\u00e9stico e Internacional de Corea del Norte\u201d, que ser\u00e1 realizada por Xavier Bolataina, Master en Relaciones Internacionales y Doctor en Derecho por la Universidad Rey Juan Carlos, en Madrid. La charla se llevar\u00e1 a cabo el lunes 21 de marzo de 2016 a las 11 hrs, Auditorio Security, 1\u00b0 piso del Edificio de Postgrados.<\/p>\n<p style=\"text-align: justify;\">Xavier Boltaina Bosch es Master en Relaciones Internacionales y Doctor en Derecho por la Universidad Rey Juan Carlos, en Madrid. Actualmente es profesor en la Facultad de Derecho de la Universidad de Barcelona y profesor honorario de la Universidad p\u00fablica Rovira Virgili de Tarragona, y tambi\u00e9n se desempe\u00f1a como Director de Relaciones Internacionales de la Diputaci\u00f3n de Barcelona. Sus l\u00edneas de investigaci\u00f3n en el \u00e1mbito de las relaciones internacionales se centran en los sistemas de control pol\u00edtico, social y policial en los sistemas autoritarios tanto en Asia como en Europa. Dentro de Asia, uno de los pa\u00edses que m\u00e1s ha investigado es Corea del Norte, el cual desde el a\u00f1o 2008 ha visitado de manera permanente permiti\u00e9ndole realizar varias publicaciones y conferencias relacionadas a los diversos aspectos de la vida dom\u00e9stica e internacional de dicho pa\u00eds.<\/p>\n<p style=\"text-align: justify;\"><strong>Detalles de la charla: Lunes 21 de marzo de 2016 a las 11 hrs,<\/strong> <strong>Auditorio Security, 1\u00b0 piso del Edificio de Postgrados. Avenida Plaza 680, Las Condes Santiago.<\/strong><\/p>\n","protected":false},"excerpt":{"rendered":"<p>El Centro de Estudios de Relaciones Internacionales (CERI), est\u00e1 organizando la charla sobre el \u201cPanorama Dom\u00e9stico e Internacional de Corea del Norte\u201d, que ser\u00e1 realizada por Xavier Bolataina, Master en Relaciones Internacionales y Doctor en Derecho por la Universidad Rey Juan Carlos, en Madrid. La charla se llevar\u00e1 a cabo el lunes 21 de marzo de 2016 a las 11 hrs, Auditorio Security, 1\u00b0 piso del Edificio de Postgrados.<\/p>\n","protected":false},"author":22,"featured_media":1635,"comment_status":"open","ping_status":"open","sticky":false,"template":"","format":"standard","meta":{"footnotes":""},"categories":[4],"tags":[],"class_list":["post-1634","post","type-post","status-publish","format-standard","has-post-thumbnail","hentry","category-noticias"],"featured_image_url":"https:\/\/gobierno.udd.cl\/estudio-rrii\/files\/2016\/03\/destacadacorea.jpg","_links":{"self":[{"href":"https:\/\/gobierno.udd.cl\/estudio-rrii\/wp-json\/wp\/v2\/posts\/1634","targetHints":{"allow":["GET"]}}],"collection":[{"href":"https:\/\/gobierno.udd.cl\/estudio-rrii\/wp-json\/wp\/v2\/posts"}],"about":[{"href":"https:\/\/gobierno.udd.cl\/estudio-rrii\/wp-json\/wp\/v2\/types\/post"}],"author":[{"embeddable":true,"href":"https:\/\/gobierno.udd.cl\/estudio-rrii\/wp-json\/wp\/v2\/users\/22"}],"replies":[{"embeddable":true,"href":"https:\/\/gobierno.udd.cl\/estudio-rrii\/wp-json\/wp\/v2\/comments?post=1634"}],"version-history":[{"count":4,"href":"https:\/\/gobierno.udd.cl\/estudio-rrii\/wp-json\/wp\/v2\/posts\/1634\/revisions"}],"predecessor-version":[{"id":1646,"href":"https:\/\/gobierno.udd.cl\/estudio-rrii\/wp-json\/wp\/v2\/posts\/1634\/revisions\/1646"}],"wp:featuredmedia":[{"embeddable":true,"href":"https:\/\/gobierno.udd.cl\/estudio-rrii\/wp-json\/wp\/v2\/media\/1635"}],"wp:attachment":[{"href":"https:\/\/gobierno.udd.cl\/estudio-rrii\/wp-json\/wp\/v2\/media?parent=1634"}],"wp:term":[{"taxonomy":"category","embeddable":true,"href":"https:\/\/gobierno.udd.cl\/estudio-rrii\/wp-json\/wp\/v2\/categories?post=1634"},{"taxonomy":"post_tag","embeddable":true,"href":"https:\/\/gobierno.udd.cl\/estudio-rrii\/wp-json\/wp\/v2\/tags?post=1634"}],"curies":[{"name":"wp","href":"https:\/\/api.w.org\/{rel}","templated":true}]}}