{"id":1577,"date":"2016-01-25T16:25:19","date_gmt":"2016-01-25T19:25:19","guid":{"rendered":"http:\/\/gobierno.udd.cl\/estudio-rrii\/?p=1577"},"modified":"2016-01-29T15:52:04","modified_gmt":"2016-01-29T18:52:04","slug":"presidente-macri-y-america-latina","status":"publish","type":"post","link":"https:\/\/gobierno.udd.cl\/estudio-rrii\/noticias\/2016\/01\/25\/presidente-macri-y-america-latina\/","title":{"rendered":"Presidente Macri y Am\u00e9rica Latina"},"content":{"rendered":"<p style=\"text-align: justify;\"><a href=\"http:\/\/gobierno.udd.cl\/estudio-rrii\/files\/2016\/01\/Mullerweb.jpg\"><img loading=\"lazy\" decoding=\"async\" class=\"aligncenter size-medium wp-image-1593\" alt=\"Mullerweb\" src=\"http:\/\/gobierno.udd.cl\/estudio-rrii\/files\/2016\/01\/Mullerweb-300x196.jpg\" width=\"300\" height=\"196\" srcset=\"https:\/\/gobierno.udd.cl\/estudio-rrii\/files\/2016\/01\/Mullerweb-300x196.jpg 300w, https:\/\/gobierno.udd.cl\/estudio-rrii\/files\/2016\/01\/Mullerweb-660x430.jpg 660w, https:\/\/gobierno.udd.cl\/estudio-rrii\/files\/2016\/01\/Mullerweb.jpg 745w\" sizes=\"auto, (max-width: 300px) 100vw, 300px\" \/><\/a><\/p>\n<p style=\"text-align: justify;\">La elecci\u00f3n de Mauricio Macri y su primer mes de gobierno, han dado fuertes se\u00f1ales de un cambio en la manera como Argentina bajo los Kichner venia relacion\u00e1ndose con Am\u00e9rica Latina. M\u00e1s que un nuevo rumbo, parece que la decisi\u00f3n del Presidente Macri es retomar protagonismo y alejar a su pa\u00eds de ese camino que lo apartaba de la regi\u00f3n bajo la influencia de la Izquierda Chavista que todav\u00eda domina Venezuela.<\/p>\n<p style=\"text-align: justify;\">Pareciera un giro muy fuerte para alguien que gano estrechamente la segunda vuelta presidencial, por menos de un 3% de los votos, pero es muy consistente con la lectura que el equipo m\u00e1s cercano de Macri hizo de que el pueblo argentino apoyaba ese giro, si pensamos que en primera vuelta el candidato Scioli y el Kichnerismo obtuvieron solo un 38% de apoyo.<\/p>\n<p style=\"text-align: justify;\">Este cambio es una oportunidad para Chile, ya que en los \u00faltimos seis a\u00f1os de la era Kichner el enfriamiento de las relaciones entre Argentina y Chile era evidente, poco dialogo y casi ning\u00fan proyecto de integraci\u00f3n real marcaban la agenda entre nuestros pa\u00edses. Esto se contrapone con las m\u00faltiples se\u00f1ales de la nueva administraci\u00f3n en Argentina que no solo ha sido activa en citar a nuestro pa\u00eds como ejemplo en algunas materias econ\u00f3micas y de desarrollo social, algo impensable hace un tiempo.<\/p>\n<p style=\"text-align: justify;\">El Presidente Macri le ha dado una prioridad a Chile en su agenda, visito nuestro pa\u00eds y se reuni\u00f3 con la Presidenta Bachelet antes de asumir incluso, como se\u00f1al de su inter\u00e9s por recuperar el trabajo conjunto y estrechar los lazos, son muchas las frases de alabanza que ha dedicado hacia nuestro pa\u00eds, pero adem\u00e1s con una agenda concreta que iba desde el gas natural licuado hasta mejorar la interconexi\u00f3n comercial entre Chile y Argentina.<\/p>\n<p style=\"text-align: justify;\">Lo mismo ha hecho el nuevo Presidente Argentino con Brasil y otros pa\u00edses de la regi\u00f3n, pareciera que Macri adem\u00e1s no se queda s\u00f3lo en lo econ\u00f3mico, aprovech\u00f3 como nadie la oportunidad de una reuni\u00f3n del Mercosur para exigir la condena de las violaciones de los derechos humanos en Venezuela, y apurando a sus pares a hacer lo mismo rompiendo con el silencio c\u00f3mplice de los \u00faltimos a\u00f1os.<\/p>\n<p style=\"text-align: justify;\">As\u00ed el cambio pol\u00edtico en Argentina marcado por la llegada de Mauricio Macri a la Casa Rosada, no busca solo desarticular esa m\u00e1quina pol\u00edtica montada por el kichnerismo en sus m\u00e1s de diez a\u00f1os de gobierno, enraizada en distintos niveles de la administraci\u00f3n del Estado y en las empresas p\u00fablicas con miles de personas que eran contratados casi solo para hacer activismo pol\u00edtico y no por trabajar efectivamente en el Estado. Adem\u00e1s quiere desarticular esa extra\u00f1a relaci\u00f3n entre el Chavismo y el Kichnerismo, que condicion\u00f3 mucho las relaciones exteriores tradicionales de la Argentina, acerc\u00e1ndose al eje de Ir\u00e1n, China y Rusia y descuidando el Mercosur y Am\u00e9rica latina.<\/p>\n<p style=\"text-align: justify;\">Solo un mes de gobierno pero muchos cambios, estos debieran alertar a nuestro pa\u00eds para ser m\u00e1s proactivos y aprovechar de fijar una agenda extensa de integraci\u00f3n con nuestro vecino trasandino y no ser solo receptores pasivos del inter\u00e9s del nuevo mandatario argentino, porque sin duda otros pa\u00edses est\u00e1n tambi\u00e9n viendo esta gran oportunidad de una Argentina m\u00e1s din\u00e1mica e interesada en Am\u00e9rica latina y nos pueden dejar atr\u00e1s.<\/p>\n<div class=\"grid-8\" style=\"width: 400px; background-color: #efefef; padding: 15px;\">\n<div style=\"width: 50px; float: left; text-align: justify;\" align=\"left\"><\/div>\n<div style=\"width: 280px; float: right;\" align=\"right\">\n<h3>Gonzalo M\u00fcller<\/h3>\n<p>Profesor asociado de la Facultad de Gobierno<br \/>\nUniversidad del Desarrollo<br \/>\nMag\u00edster en Pol\u00edticas P\u00fablicas, FIAPP, Espa\u00f1a.<br \/>\n<a href=\"mailto:gmuller@udd.cl\">gmuller@udd.cl<\/a><\/p>\n<\/div>\n<\/div>\n","protected":false},"excerpt":{"rendered":"<p>M\u00e1s que un nuevo rumbo, parece que la decisi\u00f3n del Presidente Macri es retomar protagonismo y alejar a su pa\u00eds de ese camino que lo apartaba de la regi\u00f3n bajo la influencia de la Izquierda Chavista que todav\u00eda domina Venezuela.<\/p>\n","protected":false},"author":22,"featured_media":1593,"comment_status":"open","ping_status":"open","sticky":false,"template":"","format":"standard","meta":{"footnotes":""},"categories":[5],"tags":[],"class_list":["post-1577","post","type-post","status-publish","format-standard","has-post-thumbnail","hentry","category-newsletter"],"featured_image_url":"https:\/\/gobierno.udd.cl\/estudio-rrii\/files\/2016\/01\/Mullerweb.jpg","_links":{"self":[{"href":"https:\/\/gobierno.udd.cl\/estudio-rrii\/wp-json\/wp\/v2\/posts\/1577","targetHints":{"allow":["GET"]}}],"collection":[{"href":"https:\/\/gobierno.udd.cl\/estudio-rrii\/wp-json\/wp\/v2\/posts"}],"about":[{"href":"https:\/\/gobierno.udd.cl\/estudio-rrii\/wp-json\/wp\/v2\/types\/post"}],"author":[{"embeddable":true,"href":"https:\/\/gobierno.udd.cl\/estudio-rrii\/wp-json\/wp\/v2\/users\/22"}],"replies":[{"embeddable":true,"href":"https:\/\/gobierno.udd.cl\/estudio-rrii\/wp-json\/wp\/v2\/comments?post=1577"}],"version-history":[{"count":4,"href":"https:\/\/gobierno.udd.cl\/estudio-rrii\/wp-json\/wp\/v2\/posts\/1577\/revisions"}],"predecessor-version":[{"id":1579,"href":"https:\/\/gobierno.udd.cl\/estudio-rrii\/wp-json\/wp\/v2\/posts\/1577\/revisions\/1579"}],"wp:featuredmedia":[{"embeddable":true,"href":"https:\/\/gobierno.udd.cl\/estudio-rrii\/wp-json\/wp\/v2\/media\/1593"}],"wp:attachment":[{"href":"https:\/\/gobierno.udd.cl\/estudio-rrii\/wp-json\/wp\/v2\/media?parent=1577"}],"wp:term":[{"taxonomy":"category","embeddable":true,"href":"https:\/\/gobierno.udd.cl\/estudio-rrii\/wp-json\/wp\/v2\/categories?post=1577"},{"taxonomy":"post_tag","embeddable":true,"href":"https:\/\/gobierno.udd.cl\/estudio-rrii\/wp-json\/wp\/v2\/tags?post=1577"}],"curies":[{"name":"wp","href":"https:\/\/api.w.org\/{rel}","templated":true}]}}