{"id":1559,"date":"2016-01-25T16:09:49","date_gmt":"2016-01-25T19:09:49","guid":{"rendered":"http:\/\/gobierno.udd.cl\/estudio-rrii\/?p=1559"},"modified":"2016-05-27T13:56:31","modified_gmt":"2016-05-27T17:56:31","slug":"carrera-de-ciencia-politica-y-politicas-publicas-acreditada-por-6-anos","status":"publish","type":"post","link":"https:\/\/gobierno.udd.cl\/estudio-rrii\/noticias\/2016\/01\/25\/carrera-de-ciencia-politica-y-politicas-publicas-acreditada-por-6-anos\/","title":{"rendered":"Carrera de Ciencia Pol\u00edtica y Pol\u00edticas P\u00fablicas acreditada por 6 a\u00f1os"},"content":{"rendered":"<p style=\"text-align: justify;\"><a href=\"http:\/\/gobierno.udd.cl\/estudio-rrii\/files\/2016\/01\/6anosweb.jpg\"><img loading=\"lazy\" decoding=\"async\" class=\"aligncenter size-medium wp-image-1602\" src=\"http:\/\/gobierno.udd.cl\/estudio-rrii\/files\/2016\/01\/6anosweb-300x196.jpg\" alt=\"6anosweb\" width=\"300\" height=\"196\" srcset=\"https:\/\/gobierno.udd.cl\/estudio-rrii\/files\/2016\/01\/6anosweb-300x196.jpg 300w, https:\/\/gobierno.udd.cl\/estudio-rrii\/files\/2016\/01\/6anosweb.jpg 580w\" sizes=\"auto, (max-width: 300px) 100vw, 300px\" \/><\/a><\/p>\n<p style=\"text-align: justify;\">Despu\u00e9s de m\u00e1s de un a\u00f1o de trabajo por el <a href=\"http:\/\/gobierno.udd.cl\/carrera\/ciencia-politica-publica\/equipo\/\" target=\"_blank\">equipo<\/a> dirigido por la directora de la carrera <a href=\"http:\/\/gobierno.udd.cl\/persona\/isabel-rodriguez\/\" target=\"_blank\">Isabel Rodr\u00edguez <\/a>y coordinado por el\u00a0profesor y ex alumno de nuestra universidad\u00a0<a href=\"http:\/\/gobierno.udd.cl\/persona\/miguel-angel-fernandez\/\" target=\"_blank\">Miguel \u00c1ngel Fern\u00e1ndez<\/a>, , la carrera de Ciencia Pol\u00edtica y Pol\u00edticas P\u00fablicas obtuvo 6 a\u00f1os de acreditaci\u00f3n.<\/p>\n<p style=\"text-align: justify;\">Esto constituye un resultado que respalda el s\u00f3lido trabajo dirigido por el decano de la Facultad de Gobierno, <a href=\"http:\/\/gobierno.udd.cl\/persona\/eugenio-guzman-astete-2\/\" target=\"_blank\">Eugenio Guzm\u00e1n<\/a>, que ha liderado una propuesta innovadora en lo que respecta a formar estudiantes capaces de dise\u00f1ar e implementar investigaciones en el campo de la Ciencia Pol\u00edtica y las Pol\u00edticas P\u00fablicas de acuerdo a los requerimientos del m\u00e9todo cient\u00edfico y los elementos propias de la disciplina.<\/p>\n<p style=\"text-align: justify;\">Por lo mismo, como unidad acad\u00e9mica no cabe sino agradecer a todos los docentes, coordinadores, alumnos y alumnas que aportaron su grano de arena para este exitoso proceso.<\/p>\n","protected":false},"excerpt":{"rendered":"<p> \u201cEl trabajo conjunto de nuestro equipo de docentes y coordinadores de ambas sedes (Santiago y Concepci\u00f3n) dio sus frutos y hoy podemos decir que estamos orgullosos del modelo que hemos forjado con nuestra carrera de Ciencia Pol\u00edtica y Pol\u00edticas P\u00fablicas\u201d, se\u00f1al\u00f3 el Decano de la Facultad de Gobierno UDD, Eugenio Guzm\u00e1n, luego de confirmar los 6 a\u00f1os de acreditaci\u00f3n que obtuvo la carrera, desde el a\u00f1o 2016 al 2022.<\/p>\n","protected":false},"author":22,"featured_media":1610,"comment_status":"open","ping_status":"open","sticky":false,"template":"","format":"standard","meta":{"footnotes":""},"categories":[5],"tags":[],"class_list":["post-1559","post","type-post","status-publish","format-standard","has-post-thumbnail","hentry","category-newsletter"],"featured_image_url":"https:\/\/gobierno.udd.cl\/estudio-rrii\/files\/2016\/01\/6anosweb4.jpg","_links":{"self":[{"href":"https:\/\/gobierno.udd.cl\/estudio-rrii\/wp-json\/wp\/v2\/posts\/1559","targetHints":{"allow":["GET"]}}],"collection":[{"href":"https:\/\/gobierno.udd.cl\/estudio-rrii\/wp-json\/wp\/v2\/posts"}],"about":[{"href":"https:\/\/gobierno.udd.cl\/estudio-rrii\/wp-json\/wp\/v2\/types\/post"}],"author":[{"embeddable":true,"href":"https:\/\/gobierno.udd.cl\/estudio-rrii\/wp-json\/wp\/v2\/users\/22"}],"replies":[{"embeddable":true,"href":"https:\/\/gobierno.udd.cl\/estudio-rrii\/wp-json\/wp\/v2\/comments?post=1559"}],"version-history":[{"count":8,"href":"https:\/\/gobierno.udd.cl\/estudio-rrii\/wp-json\/wp\/v2\/posts\/1559\/revisions"}],"predecessor-version":[{"id":1696,"href":"https:\/\/gobierno.udd.cl\/estudio-rrii\/wp-json\/wp\/v2\/posts\/1559\/revisions\/1696"}],"wp:featuredmedia":[{"embeddable":true,"href":"https:\/\/gobierno.udd.cl\/estudio-rrii\/wp-json\/wp\/v2\/media\/1610"}],"wp:attachment":[{"href":"https:\/\/gobierno.udd.cl\/estudio-rrii\/wp-json\/wp\/v2\/media?parent=1559"}],"wp:term":[{"taxonomy":"category","embeddable":true,"href":"https:\/\/gobierno.udd.cl\/estudio-rrii\/wp-json\/wp\/v2\/categories?post=1559"},{"taxonomy":"post_tag","embeddable":true,"href":"https:\/\/gobierno.udd.cl\/estudio-rrii\/wp-json\/wp\/v2\/tags?post=1559"}],"curies":[{"name":"wp","href":"https:\/\/api.w.org\/{rel}","templated":true}]}}