{"id":1553,"date":"2016-01-25T16:05:42","date_gmt":"2016-01-25T19:05:42","guid":{"rendered":"http:\/\/gobierno.udd.cl\/estudio-rrii\/?p=1553"},"modified":"2016-05-27T13:57:05","modified_gmt":"2016-05-27T17:57:05","slug":"investigadores-del-ceri-participaron-en-el-xv-congreso-internacional-de-aladaa-2016-2","status":"publish","type":"post","link":"https:\/\/gobierno.udd.cl\/estudio-rrii\/noticias\/2016\/01\/25\/investigadores-del-ceri-participaron-en-el-xv-congreso-internacional-de-aladaa-2016-2\/","title":{"rendered":"Investigadores del CERI participaron en el XV Congreso Internacional de ALADAA 2016"},"content":{"rendered":"<p style=\"text-align: center;\"><a href=\"http:\/\/gobierno.udd.cl\/estudio-rrii\/files\/2015\/03\/aladaa.jpg\"><img loading=\"lazy\" decoding=\"async\" class=\"size-full wp-image-1042 aligncenter\" src=\"http:\/\/gobierno.udd.cl\/estudio-rrii\/files\/2015\/03\/aladaa.jpg\" alt=\"aladaa\" width=\"252\" height=\"165\" \/><\/a><\/p>\n<p style=\"text-align: justify;\">El\u00a0XV Congreso Internacional de ALADAA 2016\u00a0(Asociaci\u00f3n Latinoamericana de Estudios de Asia y \u00c1frica) se llev\u00f3 a cabo entre los d\u00edas 12 y 14 de enero en el marco de la celebraci\u00f3n de los 40 a\u00f1os de la Asociaci\u00f3n.<\/p>\n<p style=\"text-align: justify;\">Entre los objetivos que tuvo el Congreso estuvo el difundir las investigaciones realizadas sobre Asia y \u00c1frica; mostrar el estado actual de la investigaci\u00f3n y problematizaci\u00f3n de Asia y \u00c1frica en Latinoam\u00e9rica; visualizar instancias de di\u00e1logo y trabajo com\u00fan entre investigaciones afines, tanto de profesionales como acad\u00e9micos.<\/p>\n<p style=\"text-align: justify;\">Cabe se\u00f1alar que\u00a0cuatro investigadores del\u00a0<a href=\"http:\/\/gobierno.udd.cl\/estudio-rrii\/\">Centro de Estudios de Relaciones Internacionales<\/a>\u00a0(Ceri) de la\u00a0<a href=\"http:\/\/gobierno.udd.cl\/\">Facultad de Gobierno<\/a>\u00a0UDD, tuvieron una destacada participaci\u00f3n\u00a0en este encuentro internacional, tanto como coordinadores como ponencistas.<\/p>\n<p style=\"text-align: justify;\">La investigadora del CERI,\u00a0Mar\u00eda Elvira R\u00edos\u00a0-tambi\u00e9n coordinadora de ALADAA Chile-, expuso en el simposio sobre Religiones en Asia y \u00c1frica: \u201cFoguangshan: el Budismo humanista en Chile\u201d.\u00a0Isabel Rodr\u00edguez y Javier Recabarren, en tanto, coordinaron el Simposio sobre China, donde adem\u00e1s Recabarren expuso sobre \u201cLa autoimagen de Chile como pa\u00eds \u00b4puente\u00b4 entre los pa\u00edses del Asia-Pac\u00edfico y Sudam\u00e9rica\u201d. En este mismo Simposio tambi\u00e9n expuso el director del CERI,\u00a0Yun-Tso Lee, sobre \u201cLa redefinici\u00f3n de China en el sistema de poder internacional y su impacto en Am\u00e9rica Latina\u201d.<\/p>\n","protected":false},"excerpt":{"rendered":"<p>Entre los d\u00edas 12 y 14 de enero, se llev\u00f3 a cabo el XV Congreso Internacional de ALADAA 2016 en las instituciones de la Universidad del Desarrollo y de la Universidad Adolfo Iba\u00f1ez. En este Congreso tuvieron una participaci\u00f3n destacada cuatro investigadores de Centro de Estudios de Relaciones Internacionales, tanto como coordinadores como ponencistas.<\/p>\n","protected":false},"author":22,"featured_media":1614,"comment_status":"open","ping_status":"open","sticky":false,"template":"","format":"standard","meta":{"footnotes":""},"categories":[5],"tags":[],"class_list":["post-1553","post","type-post","status-publish","format-standard","has-post-thumbnail","hentry","category-newsletter"],"featured_image_url":"https:\/\/gobierno.udd.cl\/estudio-rrii\/files\/2016\/01\/aladaaweb3.jpg","_links":{"self":[{"href":"https:\/\/gobierno.udd.cl\/estudio-rrii\/wp-json\/wp\/v2\/posts\/1553","targetHints":{"allow":["GET"]}}],"collection":[{"href":"https:\/\/gobierno.udd.cl\/estudio-rrii\/wp-json\/wp\/v2\/posts"}],"about":[{"href":"https:\/\/gobierno.udd.cl\/estudio-rrii\/wp-json\/wp\/v2\/types\/post"}],"author":[{"embeddable":true,"href":"https:\/\/gobierno.udd.cl\/estudio-rrii\/wp-json\/wp\/v2\/users\/22"}],"replies":[{"embeddable":true,"href":"https:\/\/gobierno.udd.cl\/estudio-rrii\/wp-json\/wp\/v2\/comments?post=1553"}],"version-history":[{"count":6,"href":"https:\/\/gobierno.udd.cl\/estudio-rrii\/wp-json\/wp\/v2\/posts\/1553\/revisions"}],"predecessor-version":[{"id":1697,"href":"https:\/\/gobierno.udd.cl\/estudio-rrii\/wp-json\/wp\/v2\/posts\/1553\/revisions\/1697"}],"wp:featuredmedia":[{"embeddable":true,"href":"https:\/\/gobierno.udd.cl\/estudio-rrii\/wp-json\/wp\/v2\/media\/1614"}],"wp:attachment":[{"href":"https:\/\/gobierno.udd.cl\/estudio-rrii\/wp-json\/wp\/v2\/media?parent=1553"}],"wp:term":[{"taxonomy":"category","embeddable":true,"href":"https:\/\/gobierno.udd.cl\/estudio-rrii\/wp-json\/wp\/v2\/categories?post=1553"},{"taxonomy":"post_tag","embeddable":true,"href":"https:\/\/gobierno.udd.cl\/estudio-rrii\/wp-json\/wp\/v2\/tags?post=1553"}],"curies":[{"name":"wp","href":"https:\/\/api.w.org\/{rel}","templated":true}]}}