{"id":1512,"date":"2016-01-17T22:55:37","date_gmt":"2016-01-18T01:55:37","guid":{"rendered":"http:\/\/gobierno.udd.cl\/estudio-rrii\/?p=1512"},"modified":"2016-01-17T22:55:37","modified_gmt":"2016-01-18T01:55:37","slug":"investigadores-del-ceri-participaron-en-el-xv-congreso-internacional-de-aladaa-2016","status":"publish","type":"post","link":"https:\/\/gobierno.udd.cl\/estudio-rrii\/noticias\/2016\/01\/17\/investigadores-del-ceri-participaron-en-el-xv-congreso-internacional-de-aladaa-2016\/","title":{"rendered":"Investigadores del CERI participaron en el XV Congreso Internacional de ALADAA 2016"},"content":{"rendered":"<p style=\"text-align: center;\"><a href=\"http:\/\/gobierno.udd.cl\/estudio-rrii\/files\/2015\/03\/aladaa.jpg\"><img loading=\"lazy\" decoding=\"async\" class=\"size-full wp-image-1042 aligncenter\" alt=\"aladaa\" src=\"http:\/\/gobierno.udd.cl\/estudio-rrii\/files\/2015\/03\/aladaa.jpg\" width=\"252\" height=\"165\" \/><\/a><\/p>\n<p style=\"text-align: justify;\">Entre los d\u00edas 12 y 14 de enero, se llev\u00f3 a cabo el XV Congreso Internacional de ALADAA 2016 en las instituciones de la Universidad del Desarrollo y de la Universidad Adolfo Iba\u00f1ez. En este Congreso tuvieron una participaci\u00f3n destacada cuatro investigadores de Centro de Estudios de Relaciones Internacionales, tanto como coordinadores como ponencistas.<\/p>\n<p style=\"text-align: justify;\">La investigadora del CERI, Mar\u00eda Elvira R\u00edos, y quien tambi\u00e9n es coordinadora de ALADAA Chile, expuso en el simposio sobre Religiones en Asia y \u00c1frica con su ponencia: \u201cFoguangshan: el Budismo humanista en Chile. Por su parte los investigadores del CERI, Isabel Rodr\u00edguez y Javier Recabarren, coordinaron el Simposio Sobre China, donde adem\u00e1s Recabarren expuso sobre \u201cLa autoimagen de Chile como pa\u00eds \u00b4puente\u00b4 entre los pa\u00edses del Asia-Pac\u00edfico y Sudam\u00e9rica\u201d. En este mismo Simposio tambi\u00e9n expuso el Directo del CERI, Yun-Tso Lee, sobre \u201cLa redefinici\u00f3n de China en el sistema de poder internacional y su impacto en Am\u00e9rica Latina.<\/p>\n","protected":false},"excerpt":{"rendered":"<p>Entre los d\u00edas 12 y 14 de enero,  se llev\u00f3 a cabo el XV Congreso Internacional de ALADAA 2016 en las instituciones de la Universidad del Desarrollo y de la Universidad Adolfo Iba\u00f1ez. En este Congreso tuvieron una participaci\u00f3n destacada cuatro investigadores de Centro de Estudios de Relaciones Internacionales, tanto como coordinadores como ponencistas.<\/p>\n","protected":false},"author":22,"featured_media":1042,"comment_status":"open","ping_status":"open","sticky":false,"template":"","format":"standard","meta":{"footnotes":""},"categories":[4],"tags":[],"class_list":["post-1512","post","type-post","status-publish","format-standard","has-post-thumbnail","hentry","category-noticias"],"featured_image_url":"https:\/\/gobierno.udd.cl\/estudio-rrii\/files\/2015\/03\/aladaa.jpg","_links":{"self":[{"href":"https:\/\/gobierno.udd.cl\/estudio-rrii\/wp-json\/wp\/v2\/posts\/1512","targetHints":{"allow":["GET"]}}],"collection":[{"href":"https:\/\/gobierno.udd.cl\/estudio-rrii\/wp-json\/wp\/v2\/posts"}],"about":[{"href":"https:\/\/gobierno.udd.cl\/estudio-rrii\/wp-json\/wp\/v2\/types\/post"}],"author":[{"embeddable":true,"href":"https:\/\/gobierno.udd.cl\/estudio-rrii\/wp-json\/wp\/v2\/users\/22"}],"replies":[{"embeddable":true,"href":"https:\/\/gobierno.udd.cl\/estudio-rrii\/wp-json\/wp\/v2\/comments?post=1512"}],"version-history":[{"count":2,"href":"https:\/\/gobierno.udd.cl\/estudio-rrii\/wp-json\/wp\/v2\/posts\/1512\/revisions"}],"predecessor-version":[{"id":1516,"href":"https:\/\/gobierno.udd.cl\/estudio-rrii\/wp-json\/wp\/v2\/posts\/1512\/revisions\/1516"}],"wp:featuredmedia":[{"embeddable":true,"href":"https:\/\/gobierno.udd.cl\/estudio-rrii\/wp-json\/wp\/v2\/media\/1042"}],"wp:attachment":[{"href":"https:\/\/gobierno.udd.cl\/estudio-rrii\/wp-json\/wp\/v2\/media?parent=1512"}],"wp:term":[{"taxonomy":"category","embeddable":true,"href":"https:\/\/gobierno.udd.cl\/estudio-rrii\/wp-json\/wp\/v2\/categories?post=1512"},{"taxonomy":"post_tag","embeddable":true,"href":"https:\/\/gobierno.udd.cl\/estudio-rrii\/wp-json\/wp\/v2\/tags?post=1512"}],"curies":[{"name":"wp","href":"https:\/\/api.w.org\/{rel}","templated":true}]}}