{"id":1407,"date":"2015-11-26T15:03:20","date_gmt":"2015-11-26T18:03:20","guid":{"rendered":"http:\/\/gobierno.udd.cl\/estudio-rrii\/?p=1407"},"modified":"2015-12-22T14:25:36","modified_gmt":"2015-12-22T17:25:36","slug":"el-investigador-del-ceri-javier-recabarren-expuso-sobre-las-relaciones-de-poder-entre-china-y-ee-uu","status":"publish","type":"post","link":"https:\/\/gobierno.udd.cl\/estudio-rrii\/noticias\/2015\/11\/26\/el-investigador-del-ceri-javier-recabarren-expuso-sobre-las-relaciones-de-poder-entre-china-y-ee-uu\/","title":{"rendered":"El investigador del CERI Javier Recabarren expuso sobre las relaciones de poder entre China y EE.UU"},"content":{"rendered":"<p style=\"text-align: justify;\"><a href=\"http:\/\/gobierno.udd.cl\/estudio-rrii\/files\/2014\/06\/Javier-recabarren_destcada.jpg\"><img loading=\"lazy\" decoding=\"async\" class=\"aligncenter size-medium wp-image-904\" alt=\"Javier recabarren_destcada\" src=\"http:\/\/gobierno.udd.cl\/estudio-rrii\/files\/2014\/06\/Javier-recabarren_destcada-300x196.jpg\" width=\"300\" height=\"196\" srcset=\"https:\/\/gobierno.udd.cl\/estudio-rrii\/files\/2014\/06\/Javier-recabarren_destcada-300x196.jpg 300w, https:\/\/gobierno.udd.cl\/estudio-rrii\/files\/2014\/06\/Javier-recabarren_destcada-1024x669.jpg 1024w, https:\/\/gobierno.udd.cl\/estudio-rrii\/files\/2014\/06\/Javier-recabarren_destcada-660x430.jpg 660w, https:\/\/gobierno.udd.cl\/estudio-rrii\/files\/2014\/06\/Javier-recabarren_destcada-960x627.jpg 960w\" sizes=\"auto, (max-width: 300px) 100vw, 300px\" \/><\/a><\/p>\n<p style=\"text-align: justify;\">Javier Recabarren, investigador del CERI, expuso sobre las relaciones de poder entre China y EE.UU. en el\u00a0 Seminario \u201cLos desaf\u00edos geopol\u00edticos de Chile en la Art\u00e1rtica y Asia Pac\u00edfico, realizado el 2 de octubre de 2015 en la Academia de Guerra.<\/p>\n<p style=\"text-align: justify;\">El an\u00e1lisis que realiz\u00f3 Recabarren fue principalmente desde c\u00f3mo han ido cambiando las relaciones entre estas dos grandes potencias desde que lleg\u00f3 al poder el actual presidente chino, Xi Jingping, en el a\u00f1o 2013, donde China ha venido planteando una \u201cnueva relaci\u00f3n entre grandes potencias\u201d.<\/p>\n","protected":false},"excerpt":{"rendered":"<p>Javier Recabarren, investigador del CERI, expuso sobre las relaciones de poder entre China y EE.UU. en el  Seminario \u201cLos desaf\u00edos geopol\u00edticos de Chile en la Art\u00e1rtica y Asia Pac\u00edfico, realizado el 2 de octubre de 2015 en la Academia de Guerra.<\/p>\n","protected":false},"author":22,"featured_media":904,"comment_status":"open","ping_status":"open","sticky":false,"template":"","format":"standard","meta":{"footnotes":""},"categories":[4],"tags":[7736],"class_list":["post-1407","post","type-post","status-publish","format-standard","has-post-thumbnail","hentry","category-noticias","tag-javier-recabarren"],"featured_image_url":"https:\/\/gobierno.udd.cl\/estudio-rrii\/files\/2014\/06\/Javier-recabarren_destcada.jpg","_links":{"self":[{"href":"https:\/\/gobierno.udd.cl\/estudio-rrii\/wp-json\/wp\/v2\/posts\/1407","targetHints":{"allow":["GET"]}}],"collection":[{"href":"https:\/\/gobierno.udd.cl\/estudio-rrii\/wp-json\/wp\/v2\/posts"}],"about":[{"href":"https:\/\/gobierno.udd.cl\/estudio-rrii\/wp-json\/wp\/v2\/types\/post"}],"author":[{"embeddable":true,"href":"https:\/\/gobierno.udd.cl\/estudio-rrii\/wp-json\/wp\/v2\/users\/22"}],"replies":[{"embeddable":true,"href":"https:\/\/gobierno.udd.cl\/estudio-rrii\/wp-json\/wp\/v2\/comments?post=1407"}],"version-history":[{"count":7,"href":"https:\/\/gobierno.udd.cl\/estudio-rrii\/wp-json\/wp\/v2\/posts\/1407\/revisions"}],"predecessor-version":[{"id":1409,"href":"https:\/\/gobierno.udd.cl\/estudio-rrii\/wp-json\/wp\/v2\/posts\/1407\/revisions\/1409"}],"wp:featuredmedia":[{"embeddable":true,"href":"https:\/\/gobierno.udd.cl\/estudio-rrii\/wp-json\/wp\/v2\/media\/904"}],"wp:attachment":[{"href":"https:\/\/gobierno.udd.cl\/estudio-rrii\/wp-json\/wp\/v2\/media?parent=1407"}],"wp:term":[{"taxonomy":"category","embeddable":true,"href":"https:\/\/gobierno.udd.cl\/estudio-rrii\/wp-json\/wp\/v2\/categories?post=1407"},{"taxonomy":"post_tag","embeddable":true,"href":"https:\/\/gobierno.udd.cl\/estudio-rrii\/wp-json\/wp\/v2\/tags?post=1407"}],"curies":[{"name":"wp","href":"https:\/\/api.w.org\/{rel}","templated":true}]}}