{"id":1295,"date":"2015-10-06T09:11:54","date_gmt":"2015-10-06T12:11:54","guid":{"rendered":"http:\/\/gobierno.udd.cl\/estudio-rrii\/?p=1295"},"modified":"2015-12-22T14:24:44","modified_gmt":"2015-12-22T17:24:44","slug":"los-investigadores-del-ceri-isaac-caro-e-isabel-rodriguez-inician-su-proyecto-de-investigacion-fondecyt-regular-n-1150057","status":"publish","type":"post","link":"https:\/\/gobierno.udd.cl\/estudio-rrii\/noticias\/2015\/10\/06\/los-investigadores-del-ceri-isaac-caro-e-isabel-rodriguez-inician-su-proyecto-de-investigacion-fondecyt-regular-n-1150057\/","title":{"rendered":"Los investigadores del CERI, Isaac Caro e Isabel Rodr\u00edguez, inician su proyecto de investigaci\u00f3n Fondecyt Regular N\u00b0 1150057"},"content":{"rendered":"<p style=\"text-align: justify;\"><a href=\"http:\/\/gobierno.udd.cl\/estudio-rrii\/files\/2015\/10\/investigadores2.jpg\"><img loading=\"lazy\" decoding=\"async\" class=\"aligncenter size-medium wp-image-1304\" alt=\"investigadores2\" src=\"http:\/\/gobierno.udd.cl\/estudio-rrii\/files\/2015\/10\/investigadores2-300x150.jpg\" width=\"300\" height=\"150\" srcset=\"https:\/\/gobierno.udd.cl\/estudio-rrii\/files\/2015\/10\/investigadores2-300x150.jpg 300w, https:\/\/gobierno.udd.cl\/estudio-rrii\/files\/2015\/10\/investigadores2.jpg 680w\" sizes=\"auto, (max-width: 300px) 100vw, 300px\" \/><\/a><\/p>\n<p style=\"text-align: justify;\">Los investigadores del CERI, Isaac Caro e Isabel Rodr\u00edguez, inician su proyecto de investigaci\u00f3n Fondecyt Regular N\u00b0 1150057, denominado: <i>Antisemitismo e islamofobia como formas de intolerancia religiosa y cultural en las<\/i> <i>primeras d\u00e9cadas del siglo XXI: Los casos de Argentina y Chile<\/i>, el cual tendr\u00e1 una duraci\u00f3n de tres a\u00f1os (2015-2017), bajo el patrocinio de la Universidad Alberto Hurtado, Universidad del Desarrollo y la Universidad Arturo Prat.<\/p>\n<p style=\"text-align: justify;\">El proyecto analiza la incidencia que tienen el antisemitismo y la islamofobia en Am\u00e9rica latina durante el siglo XXI, particularmente en Argentina y Chile, estableciendo cu\u00e1les son sus rasgos m\u00e1s caracter\u00edsticos en cuanto a discursos, pr\u00e1cticas y percepci\u00f3n\/comunicaci\u00f3n. Para ello se consideran cuatro niveles de an\u00e1lisis: discurso pol\u00edtico, procedente de movimientos neonazis y de organizaciones radicales de izquierda y anarquista; discurso comunitario, de personas y organizaciones comunitarias jud\u00edas, \u00e1rabes, musulmanas que expresan opiniones contrarias hacia los miembros de la comunidad que es diferente; pr\u00e1cticas cotidianas, referido a acciones e incidentes, como grafitis, prohibici\u00f3n del uso de signos religiosos, amenazas; percepci\u00f3n y comunicaci\u00f3n, relacionado con noticias y opiniones expresadas en los medios de comunicaci\u00f3n en contra de jud\u00edos y musulmanes, o personas percibidas como tales. Tambi\u00e9n se estudian algunas pol\u00edticas p\u00fablicas (planes de estudio del holocausto, marcos legislativos antidiscriminatorios, rol del Instituto Nacional contra la Discriminaci\u00f3n, la Xenofobia y el Racismo INADI en Argentina) y medidas comunitarias (acciones de las comunidades jud\u00edas e isl\u00e1micas) tendientes a combatir el antisemitismo y la islamofobia.<\/p>\n","protected":false},"excerpt":{"rendered":"<p>Los investigadores del CERI, Isaac Caro e Isabel Rodr\u00edguez, inician su proyecto de investigaci\u00f3n Fondecyt Regular N\u00b0 1150057, denominado: Antisemitismo e islamofobia como formas de intolerancia religiosa y cultural en las primeras d\u00e9cadas del siglo XXI: Los casos de Argentina y Chile, el cual tendr\u00e1 una duraci\u00f3n de tres a\u00f1os (2015-2017), bajo el patrocinio de la Universidad Alberto Hurtado, Universidad del Desarrollo y la Universidad Arturo Prat.<\/p>\n","protected":false},"author":22,"featured_media":1305,"comment_status":"open","ping_status":"open","sticky":false,"template":"","format":"standard","meta":{"footnotes":""},"categories":[5,4],"tags":[],"class_list":["post-1295","post","type-post","status-publish","format-standard","has-post-thumbnail","hentry","category-newsletter","category-noticias"],"featured_image_url":"https:\/\/gobierno.udd.cl\/estudio-rrii\/files\/2015\/10\/investigadores.jpg","_links":{"self":[{"href":"https:\/\/gobierno.udd.cl\/estudio-rrii\/wp-json\/wp\/v2\/posts\/1295","targetHints":{"allow":["GET"]}}],"collection":[{"href":"https:\/\/gobierno.udd.cl\/estudio-rrii\/wp-json\/wp\/v2\/posts"}],"about":[{"href":"https:\/\/gobierno.udd.cl\/estudio-rrii\/wp-json\/wp\/v2\/types\/post"}],"author":[{"embeddable":true,"href":"https:\/\/gobierno.udd.cl\/estudio-rrii\/wp-json\/wp\/v2\/users\/22"}],"replies":[{"embeddable":true,"href":"https:\/\/gobierno.udd.cl\/estudio-rrii\/wp-json\/wp\/v2\/comments?post=1295"}],"version-history":[{"count":5,"href":"https:\/\/gobierno.udd.cl\/estudio-rrii\/wp-json\/wp\/v2\/posts\/1295\/revisions"}],"predecessor-version":[{"id":1300,"href":"https:\/\/gobierno.udd.cl\/estudio-rrii\/wp-json\/wp\/v2\/posts\/1295\/revisions\/1300"}],"wp:featuredmedia":[{"embeddable":true,"href":"https:\/\/gobierno.udd.cl\/estudio-rrii\/wp-json\/wp\/v2\/media\/1305"}],"wp:attachment":[{"href":"https:\/\/gobierno.udd.cl\/estudio-rrii\/wp-json\/wp\/v2\/media?parent=1295"}],"wp:term":[{"taxonomy":"category","embeddable":true,"href":"https:\/\/gobierno.udd.cl\/estudio-rrii\/wp-json\/wp\/v2\/categories?post=1295"},{"taxonomy":"post_tag","embeddable":true,"href":"https:\/\/gobierno.udd.cl\/estudio-rrii\/wp-json\/wp\/v2\/tags?post=1295"}],"curies":[{"name":"wp","href":"https:\/\/api.w.org\/{rel}","templated":true}]}}