{"id":1293,"date":"2015-10-06T09:20:27","date_gmt":"2015-10-06T12:20:27","guid":{"rendered":"http:\/\/gobierno.udd.cl\/estudio-rrii\/?p=1293"},"modified":"2015-12-22T14:24:20","modified_gmt":"2015-12-22T17:24:20","slug":"xv-congreso-internacional-de-aladaa","status":"publish","type":"post","link":"https:\/\/gobierno.udd.cl\/estudio-rrii\/noticias\/2015\/10\/06\/xv-congreso-internacional-de-aladaa\/","title":{"rendered":"XV Congreso Internacional de ALADAA"},"content":{"rendered":"<p style=\"text-align: justify;\"><a href=\"http:\/\/gobierno.udd.cl\/estudio-rrii\/files\/2015\/03\/aladaa.jpg\"><img loading=\"lazy\" decoding=\"async\" class=\"aligncenter size-full wp-image-1042\" alt=\"aladaa\" src=\"http:\/\/gobierno.udd.cl\/estudio-rrii\/files\/2015\/03\/aladaa.jpg\" width=\"252\" height=\"165\" \/><\/a><\/p>\n<p style=\"text-align: justify;\">El XV CONGRESO INTERNACIONAL DE ALADAA: ALADAA CHILE ya cerr\u00f3 su convocatoria al congreso y presenta un programa de m\u00e1s de veinte simposios, donde estar\u00e1n exponiendo alrededor de 230 acad\u00e9micos e investigadores de diversas universidades de Am\u00e9rica Latina. Asimismo, se realizar\u00e1 un homenaje a Fernando Tola, el fil\u00f3logo sanscritista m\u00e1s reconocido de Am\u00e9rica Latina y a Graciela de la Lama, fundadora de Aladaa. El programa tambi\u00e9n cuenta con la presentaci\u00f3n de diversos libros sobre temas de Asia y \u00c1frica y charlas magistrales de destacados acad\u00e9micos, como la historiadora mexicana, Flora Botton y el bud\u00f3logo Luis G\u00f3mez. Mayor informaci\u00f3n se puede encontrar en la p\u00e1gina web de ALADAA Chile (<a href=\"http:\/\/www.aladaachile.com\/#!simposios\/c9d8\" target=\"_blank\">http:\/\/www.aladaachile.com\/#!simposios\/c9d8<\/a>)<\/p>\n","protected":false},"excerpt":{"rendered":"<p>La Asociaci\u00f3n Latinoamericana de Asia y \u00c1frica, ALADAA, que re\u00fane a acad\u00e9micos especialistas en estudios de Asia y \u00c1frica, realizar\u00e1 su XV Congreso Internacional en Chile entre los d\u00edas 11 y 14 de enero de 2016.<\/p>\n","protected":false},"author":22,"featured_media":1042,"comment_status":"open","ping_status":"open","sticky":false,"template":"","format":"standard","meta":{"footnotes":""},"categories":[5,4],"tags":[],"class_list":["post-1293","post","type-post","status-publish","format-standard","has-post-thumbnail","hentry","category-newsletter","category-noticias"],"featured_image_url":"https:\/\/gobierno.udd.cl\/estudio-rrii\/files\/2015\/03\/aladaa.jpg","_links":{"self":[{"href":"https:\/\/gobierno.udd.cl\/estudio-rrii\/wp-json\/wp\/v2\/posts\/1293","targetHints":{"allow":["GET"]}}],"collection":[{"href":"https:\/\/gobierno.udd.cl\/estudio-rrii\/wp-json\/wp\/v2\/posts"}],"about":[{"href":"https:\/\/gobierno.udd.cl\/estudio-rrii\/wp-json\/wp\/v2\/types\/post"}],"author":[{"embeddable":true,"href":"https:\/\/gobierno.udd.cl\/estudio-rrii\/wp-json\/wp\/v2\/users\/22"}],"replies":[{"embeddable":true,"href":"https:\/\/gobierno.udd.cl\/estudio-rrii\/wp-json\/wp\/v2\/comments?post=1293"}],"version-history":[{"count":6,"href":"https:\/\/gobierno.udd.cl\/estudio-rrii\/wp-json\/wp\/v2\/posts\/1293\/revisions"}],"predecessor-version":[{"id":1474,"href":"https:\/\/gobierno.udd.cl\/estudio-rrii\/wp-json\/wp\/v2\/posts\/1293\/revisions\/1474"}],"wp:featuredmedia":[{"embeddable":true,"href":"https:\/\/gobierno.udd.cl\/estudio-rrii\/wp-json\/wp\/v2\/media\/1042"}],"wp:attachment":[{"href":"https:\/\/gobierno.udd.cl\/estudio-rrii\/wp-json\/wp\/v2\/media?parent=1293"}],"wp:term":[{"taxonomy":"category","embeddable":true,"href":"https:\/\/gobierno.udd.cl\/estudio-rrii\/wp-json\/wp\/v2\/categories?post=1293"},{"taxonomy":"post_tag","embeddable":true,"href":"https:\/\/gobierno.udd.cl\/estudio-rrii\/wp-json\/wp\/v2\/tags?post=1293"}],"curies":[{"name":"wp","href":"https:\/\/api.w.org\/{rel}","templated":true}]}}