{"id":1210,"date":"2015-07-23T11:43:11","date_gmt":"2015-07-23T14:43:11","guid":{"rendered":"http:\/\/gobierno.udd.cl\/estudio-rrii\/?p=1210"},"modified":"2016-05-27T13:58:52","modified_gmt":"2016-05-27T17:58:52","slug":"editorial-4","status":"publish","type":"post","link":"https:\/\/gobierno.udd.cl\/estudio-rrii\/noticias\/2015\/07\/23\/editorial-4\/","title":{"rendered":"Editorial"},"content":{"rendered":"<p style=\"text-align: justify;\">Prospectiva Internacional es el Bolet\u00edn del Centro de Estudios de Relaciones Internacionales (CERI) que se emite cada dos meses con dos objetivos principales. El primero, contribuir al debate y a una comprensi\u00f3n detallada de algunos acontecimientos coyunturales de la realidad internacional, a trav\u00e9s de columnas de opini\u00f3n de los acad\u00e9micos de la Facultad de Gobierno de la Universidad del Desarrollo. El segundo, dar a conocer a nuestros lectores las actividades que se est\u00e1n realizando en el nuestro centro de investigaci\u00f3n CERI.<\/p>\n<p style=\"text-align: justify;\">En el Bolet\u00edn, N\u00ba 9, junio-julio de 2015, los columnistas analizan diversos temas que han sido de inter\u00e9s a nivel internacional as\u00ed como nacional.<\/p>\n<p style=\"text-align: justify;\">En el primero de ellos, Shirley Grove comenta su libro <i>Liderazgo y pol\u00edtica exterior<\/i>, recientemente publicado, donde analiza los tipos de liderazgos pol\u00edticos y c\u00f3mo se expresan en el \u00e1mbito de pol\u00edtica exterior, por medio del estudio de los liderazgos pol\u00edticos de Ricardo Lagos (2000-2006) y Michelle Bachelet (2006-2010) en su pol\u00edtica exterior en la regi\u00f3n Latinoamericana.<\/p>\n<p style=\"text-align: justify;\">Por su parte, la investigadora del CERI, Isabel Rodr\u00edguez, examina la \u00faltima Cumbre del Mercosur realizada en Brasil desde el punto de vista de c\u00f3mo la mayor flexibilidad comercial que busca alcanzar el bloque en el actual momento mundial y regional, es una oportunidad y desaf\u00edo para el futuro del Mercosur.<\/p>\n<p style=\"text-align: justify;\">Fernando Schmidt, examina la situaci\u00f3n proteccionista existente en el sector agr\u00edcola de tres importantes pa\u00edses de Asia, como son Taiw\u00e1n, Jap\u00f3n y Corea del Sur, y c\u00f3mo puede verse afectado por el futuro acuerdo del TPP (TransPacific Partnership). Para Schmidt, el TPP puede ser percibido como una amenaza en estos sectores pero tambi\u00e9n como una oportunidad de crecimiento econ\u00f3mico en esos pa\u00edses.<\/p>\n<p style=\"text-align: justify;\">La investigadora del CERI, Mar\u00eda Elvira R\u00edos, analiza la situaci\u00f3n de los adultos mayores en China, as\u00ed como la contradicci\u00f3n que se refleja en la sociedad en este segmento social; donde si bien, por medio del arraigado confucionismo a los adultos mayores se les respeta y cuida, hoy en d\u00eda est\u00e1n qued\u00e1ndose cada vez m\u00e1s solos. Desde ese escenario es que R\u00edos examina el rol que cumplen los centros comunitarios para combatir esa soledad.<\/p>\n<p style=\"text-align: justify;\">Por \u00faltimo se detallan las \u00faltimas noticias relevantes que reflejan las actividades acad\u00e9micas y de extensi\u00f3n del CERI.<\/p>\n<div class=\"grid-8\" style=\"width: 400px; background-color: #efefef; padding: 15px;\">\n<div style=\"width: 50px; float: left; text-align: justify;\" align=\"left\"><\/div>\n<div style=\"width: 280px; float: right;\" align=\"right\">\n<h3>Yun-Tso Lee<\/h3>\n<p>Director del Centro de Estudios de Relaciones Internacionales (CERI)<br \/>\nFacultad de Gobierno, Universidad del Desarrollo<br \/>\nDoctor en Ciencias Pol\u00edticas y Sociolog\u00eda, Universidad Complutense de Madrid<br \/>\n<a href=\"mailto:ylee@udd.cl\">ylee@udd.cl<\/a><\/p>\n<\/div>\n<\/div>\n","protected":false},"excerpt":{"rendered":"<p>Prospectiva Internacional es el Bolet\u00edn del Centro de Estudios de Relaciones Internacionales (CERI) que se emite cada dos meses con dos objetivos principales. El primero, contribuir al debate y a una comprensi\u00f3n detallada de algunos acontecimientos coyunturales de la realidad internacional, a trav\u00e9s de columnas de opini\u00f3n de los acad\u00e9micos de la Facultad de Gobierno [&hellip;]<\/p>\n","protected":false},"author":22,"featured_media":1215,"comment_status":"open","ping_status":"open","sticky":false,"template":"","format":"standard","meta":{"footnotes":""},"categories":[5],"tags":[],"class_list":["post-1210","post","type-post","status-publish","format-standard","has-post-thumbnail","hentry","category-newsletter"],"featured_image_url":"https:\/\/gobierno.udd.cl\/estudio-rrii\/files\/2015\/07\/CERI1-317x220.png","_links":{"self":[{"href":"https:\/\/gobierno.udd.cl\/estudio-rrii\/wp-json\/wp\/v2\/posts\/1210","targetHints":{"allow":["GET"]}}],"collection":[{"href":"https:\/\/gobierno.udd.cl\/estudio-rrii\/wp-json\/wp\/v2\/posts"}],"about":[{"href":"https:\/\/gobierno.udd.cl\/estudio-rrii\/wp-json\/wp\/v2\/types\/post"}],"author":[{"embeddable":true,"href":"https:\/\/gobierno.udd.cl\/estudio-rrii\/wp-json\/wp\/v2\/users\/22"}],"replies":[{"embeddable":true,"href":"https:\/\/gobierno.udd.cl\/estudio-rrii\/wp-json\/wp\/v2\/comments?post=1210"}],"version-history":[{"count":4,"href":"https:\/\/gobierno.udd.cl\/estudio-rrii\/wp-json\/wp\/v2\/posts\/1210\/revisions"}],"predecessor-version":[{"id":1216,"href":"https:\/\/gobierno.udd.cl\/estudio-rrii\/wp-json\/wp\/v2\/posts\/1210\/revisions\/1216"}],"wp:featuredmedia":[{"embeddable":true,"href":"https:\/\/gobierno.udd.cl\/estudio-rrii\/wp-json\/wp\/v2\/media\/1215"}],"wp:attachment":[{"href":"https:\/\/gobierno.udd.cl\/estudio-rrii\/wp-json\/wp\/v2\/media?parent=1210"}],"wp:term":[{"taxonomy":"category","embeddable":true,"href":"https:\/\/gobierno.udd.cl\/estudio-rrii\/wp-json\/wp\/v2\/categories?post=1210"},{"taxonomy":"post_tag","embeddable":true,"href":"https:\/\/gobierno.udd.cl\/estudio-rrii\/wp-json\/wp\/v2\/tags?post=1210"}],"curies":[{"name":"wp","href":"https:\/\/api.w.org\/{rel}","templated":true}]}}