{"id":1168,"date":"2015-07-22T15:56:11","date_gmt":"2015-07-22T18:56:11","guid":{"rendered":"http:\/\/gobierno.udd.cl\/estudio-rrii\/?p=1168"},"modified":"2015-07-22T16:20:15","modified_gmt":"2015-07-22T19:20:15","slug":"abiertas-las-postulaciones-para-el-diplomado-cooperacion-y-relaciones-internacionales","status":"publish","type":"post","link":"https:\/\/gobierno.udd.cl\/estudio-rrii\/noticias\/2015\/07\/22\/abiertas-las-postulaciones-para-el-diplomado-cooperacion-y-relaciones-internacionales\/","title":{"rendered":"Abiertas las postulaciones para el Diplomado Cooperaci\u00f3n y Relaciones Internacionales"},"content":{"rendered":"<p style=\"text-align: center;\"><a href=\"http:\/\/humanidades.udd.cl\/files\/2015\/07\/destacada-unesco.jpg\"><img loading=\"lazy\" decoding=\"async\" class=\"aligncenter\" alt=\"destacada unesco\" src=\"http:\/\/humanidades.udd.cl\/files\/2015\/07\/destacada-unesco-300x195.jpg\" width=\"300\" height=\"195\" \/><\/a><\/p>\n<p style=\"text-align: justify;\">Actualmente la contingencia y los conflictos internacionales logran afectar la seguridad y la defensa de los pa\u00edses, presentando nuevos desaf\u00edos a la cooperaci\u00f3n internacional que hacen imperante afrontar estos temas de forma multidimensional. Es en este contexto que nace el\u00a0<a href=\"http:\/\/humanidades.udd.cl\/ver-diplomado\/diplomado-cooperacion-y-relaciones-internacionales-i\/\" target=\"_blank\">Diplomado Cooperaci\u00f3n y Relaciones Internacionales<\/a>, que busca entregar herramientas para analizar la emergencia en las relaciones internacionales, los actores m\u00e1s relevantes asociados y el c\u00f3mo los estudios estrat\u00e9gicos han cobrado importancia a la luz de la globalizaci\u00f3n.<\/p>\n<p style=\"text-align: justify;\">Este diplomado ser\u00e1 impartido por el\u00a0<a href=\"humanidades.udd.cl\" target=\"_blank\">Instituto de Humanidades<\/a>\u00a0de la Universidad del Desarrollo, en conjunto con la\u00a0<a href=\"gobierno.udd.cl\" target=\"_blank\">Facultad de Gobierno<\/a>\u00a0de la misma casa de estudios y la\u00a0<a href=\"http:\/\/www.acague.cl\/\" target=\"_blank\">Academia de Guerra<\/a>. El inicio de clases ser\u00e1 en septiembre y contar\u00e1 con una plana de destacados acad\u00e9micos de las tres instituciones, entre los que se encuentran Isabel Rodr\u00edguez, Armando Roa, Rodrigo \u00c1lvarez, Jorge S\u00e1nz, entre otros.<\/p>\n<p style=\"text-align: justify;\">Las inscripciones est\u00e1n abiertas y los cupos son limitados. Para m\u00e1s informaci\u00f3n, haz click en el enlace.<\/p>\n<h4><a href=\"http:\/\/humanidades.udd.cl\/ver-diplomado\/diplomado-cooperacion-y-relaciones-internacionales-i\/\" target=\"_blank\">VER +<\/a><\/h4>\n","protected":false},"excerpt":{"rendered":"<p>Este programa entrega herramientas para entender mejor la pol\u00edtica exterior de Chile en cuanto a sus objetivos y acciones para enfrentar el nuevo escenario regional e internacional. <\/p>\n","protected":false},"author":22,"featured_media":1169,"comment_status":"open","ping_status":"open","sticky":false,"template":"","format":"standard","meta":{"footnotes":""},"categories":[4],"tags":[],"class_list":["post-1168","post","type-post","status-publish","format-standard","has-post-thumbnail","hentry","category-noticias"],"featured_image_url":"https:\/\/gobierno.udd.cl\/estudio-rrii\/files\/2015\/07\/destacada-unesco.jpg","_links":{"self":[{"href":"https:\/\/gobierno.udd.cl\/estudio-rrii\/wp-json\/wp\/v2\/posts\/1168","targetHints":{"allow":["GET"]}}],"collection":[{"href":"https:\/\/gobierno.udd.cl\/estudio-rrii\/wp-json\/wp\/v2\/posts"}],"about":[{"href":"https:\/\/gobierno.udd.cl\/estudio-rrii\/wp-json\/wp\/v2\/types\/post"}],"author":[{"embeddable":true,"href":"https:\/\/gobierno.udd.cl\/estudio-rrii\/wp-json\/wp\/v2\/users\/22"}],"replies":[{"embeddable":true,"href":"https:\/\/gobierno.udd.cl\/estudio-rrii\/wp-json\/wp\/v2\/comments?post=1168"}],"version-history":[{"count":3,"href":"https:\/\/gobierno.udd.cl\/estudio-rrii\/wp-json\/wp\/v2\/posts\/1168\/revisions"}],"predecessor-version":[{"id":1171,"href":"https:\/\/gobierno.udd.cl\/estudio-rrii\/wp-json\/wp\/v2\/posts\/1168\/revisions\/1171"}],"wp:featuredmedia":[{"embeddable":true,"href":"https:\/\/gobierno.udd.cl\/estudio-rrii\/wp-json\/wp\/v2\/media\/1169"}],"wp:attachment":[{"href":"https:\/\/gobierno.udd.cl\/estudio-rrii\/wp-json\/wp\/v2\/media?parent=1168"}],"wp:term":[{"taxonomy":"category","embeddable":true,"href":"https:\/\/gobierno.udd.cl\/estudio-rrii\/wp-json\/wp\/v2\/categories?post=1168"},{"taxonomy":"post_tag","embeddable":true,"href":"https:\/\/gobierno.udd.cl\/estudio-rrii\/wp-json\/wp\/v2\/tags?post=1168"}],"curies":[{"name":"wp","href":"https:\/\/api.w.org\/{rel}","templated":true}]}}