{"id":1017,"date":"2015-03-25T09:56:09","date_gmt":"2015-03-25T12:56:09","guid":{"rendered":"http:\/\/gobierno.udd.cl\/estudio-rrii\/?p=1017"},"modified":"2015-03-30T16:43:31","modified_gmt":"2015-03-30T19:43:31","slug":"editorial-2","status":"publish","type":"post","link":"https:\/\/gobierno.udd.cl\/estudio-rrii\/noticias\/2015\/03\/25\/editorial-2\/","title":{"rendered":"Editorial"},"content":{"rendered":"<p style=\"text-align: justify;\">Prospectiva Internacional es el Bolet\u00edn del Centro de Estudios de Relaciones Internacionales (CERI) que se emite cada dos meses con dos objetivos principales. El primero, contribuir al debate y a una comprensi\u00f3n detallada de algunos acontecimientos coyunturales de la realidad internacional, a trav\u00e9s de columnas de opini\u00f3n de los acad\u00e9micos de la Facultad de Gobierno de la Universidad del Desarrollo. El segundo, dar a conocer a nuestros lectores las actividades que se est\u00e1n realizando en el nuestro centro de investigaci\u00f3n CERI.<\/p>\n<p style=\"text-align: justify;\">El Bolet\u00edn, N\u00ba 7, febrero-marzo de 2015, concentra su an\u00e1lisis fundamentalmente en Am\u00e9rica Latina para dar cuenta sobre diferentes acontecimientos que han sido de gran importancia tanto a nivel regional como internacional. Tambi\u00e9n este n\u00famero incluye una columna sobre las \u00faltimas elecciones en Jap\u00f3n.<\/p>\n<p style=\"text-align: justify;\">Uno de los acontecimientos m\u00e1s importantes a nivel mundial ocurridos a fines del a\u00f1o pasado fue el anuncio de los Presidentes de EE.UU y Cuba de restablecer relaciones diplom\u00e1ticas. Soledad Reyes es la encargada de examinar este paso hist\u00f3rico de estos dos pa\u00edses que por m\u00e1s de 50 a\u00f1os no han tenido relaciones formales y ha sido uno de los \u00faltimos resabios existentes de la Guerra Fr\u00eda en Am\u00e9rica Latina.<\/p>\n<p style=\"text-align: justify;\">Francisco Tagle, por su parte, examina el rol de los medios de comunicaci\u00f3n en Am\u00e9rica Latina, evaluando la libertad que tienen para actuar as\u00ed como el rol que han cumplido y pueden cumplir en las investigaciones para denunciar atropellos o falencias de las democracias latinoamericanas.<\/p>\n<p style=\"text-align: justify;\">Jorge Sanz es el encargado de analizar las protestas y los casos de corrupci\u00f3n en Brasil. El autor analiza las razones que han llevado a que el pueblo de Brasil se haya pr\u00e1cticamente desencantado con el reci\u00e9n electo Gobierno de Dilma Rousseff y c\u00f3mo la corrupci\u00f3n est\u00e1 en el coraz\u00f3n de este proceso. Por \u00faltimo, subraya la importancia que los gobiernos Latinoamericanos cuiden la probidad en un escenario donde lo que estado latente en el ambiente es la corrupci\u00f3n y las malas pr\u00e1cticas en distintos gobierno de las regi\u00f3n.<\/p>\n<p style=\"text-align: justify;\">Miguel Fern\u00e1ndez es el encargado de analizar las \u00faltimas elecciones al Congreso en Jap\u00f3n en diciembre de 2014 y las nuevas pol\u00edticas econ\u00f3micas de Shinzo Abe. Como escribe Fern\u00e1ndez, los nuevos acontecimientos pueden tener importantes repercusiones en el largo plazo, tanto para la alica\u00edda econom\u00eda japonesa como para las relaciones internacionales de Jap\u00f3n en Asia.<\/p>\n<p style=\"text-align: justify;\">Por \u00faltimo se detallan las \u00faltimas noticias relevantes que reflejan las actividades acad\u00e9micas y de extensi\u00f3n del CERI.<\/p>\n<p style=\"text-align: justify;\">Yun-Tso Lee<\/p>\n<p style=\"text-align: justify;\">Director del Centro de Estudios de Relaciones Internacionales (CERI)<\/p>\n<p style=\"text-align: justify;\">Facultad de Gobierno, Universidad del Desarrollo<\/p>\n<p style=\"text-align: justify;\">Doctor en Ciencias Pol\u00edticas y Sociolog\u00eda, Universidad Complutense de Madrid<\/p>\n<p style=\"text-align: justify;\">ylee@udd.cl<\/p>\n<div class=\"grid-8\" style=\"width: 400px; background-color: #efefef; padding: 15px;\">\n<div style=\"width: 50px; float: left; text-align: justify;\" align=\"left\"><\/div>\n<div style=\"width: 280px; float: right;\" align=\"right\">\n<h3>Yun-Tso Lee<\/h3>\n<p>Director del Centro de Estudios de Relaciones Internacionales, Facultad de Gobierno, Universidad del Desarrollo.<\/p>\n<p>Doctor en Ciencias Pol\u00edticas y Sociolog\u00eda, Universidad Complutense de Madrid<\/p>\n<p><a href=\"mailto:ylee@udd.cl\" target=\"_blank\">ylee@udd.c<\/a><a href=\"mailto:mifernandez@udd.cl\" target=\"_blank\">l<\/a><\/p>\n<p>&nbsp;<\/p>\n<\/div>\n<\/div>\n","protected":false},"excerpt":{"rendered":"<p>Prospectiva Internacional es el Bolet\u00edn del Centro de Estudios de Relaciones Internacionales (CERI) que se emite cada dos meses con dos objetivos principales. El primero, contribuir al debate y a una comprensi\u00f3n detallada de algunos acontecimientos coyunturales de la realidad internacional, a trav\u00e9s de columnas de opini\u00f3n de los acad\u00e9micos de la Facultad de Gobierno [&hellip;]<\/p>\n","protected":false},"author":22,"featured_media":1081,"comment_status":"open","ping_status":"open","sticky":false,"template":"","format":"standard","meta":{"footnotes":""},"categories":[5],"tags":[8918],"class_list":["post-1017","post","type-post","status-publish","format-standard","has-post-thumbnail","hentry","category-newsletter","tag-prospectiva-internacional"],"featured_image_url":"https:\/\/gobierno.udd.cl\/estudio-rrii\/files\/2015\/03\/CERI1.png","_links":{"self":[{"href":"https:\/\/gobierno.udd.cl\/estudio-rrii\/wp-json\/wp\/v2\/posts\/1017","targetHints":{"allow":["GET"]}}],"collection":[{"href":"https:\/\/gobierno.udd.cl\/estudio-rrii\/wp-json\/wp\/v2\/posts"}],"about":[{"href":"https:\/\/gobierno.udd.cl\/estudio-rrii\/wp-json\/wp\/v2\/types\/post"}],"author":[{"embeddable":true,"href":"https:\/\/gobierno.udd.cl\/estudio-rrii\/wp-json\/wp\/v2\/users\/22"}],"replies":[{"embeddable":true,"href":"https:\/\/gobierno.udd.cl\/estudio-rrii\/wp-json\/wp\/v2\/comments?post=1017"}],"version-history":[{"count":9,"href":"https:\/\/gobierno.udd.cl\/estudio-rrii\/wp-json\/wp\/v2\/posts\/1017\/revisions"}],"predecessor-version":[{"id":1019,"href":"https:\/\/gobierno.udd.cl\/estudio-rrii\/wp-json\/wp\/v2\/posts\/1017\/revisions\/1019"}],"wp:featuredmedia":[{"embeddable":true,"href":"https:\/\/gobierno.udd.cl\/estudio-rrii\/wp-json\/wp\/v2\/media\/1081"}],"wp:attachment":[{"href":"https:\/\/gobierno.udd.cl\/estudio-rrii\/wp-json\/wp\/v2\/media?parent=1017"}],"wp:term":[{"taxonomy":"category","embeddable":true,"href":"https:\/\/gobierno.udd.cl\/estudio-rrii\/wp-json\/wp\/v2\/categories?post=1017"},{"taxonomy":"post_tag","embeddable":true,"href":"https:\/\/gobierno.udd.cl\/estudio-rrii\/wp-json\/wp\/v2\/tags?post=1017"}],"curies":[{"name":"wp","href":"https:\/\/api.w.org\/{rel}","templated":true}]}}